{"id":894,"date":"2023-01-11T20:54:12","date_gmt":"2023-01-11T16:54:12","guid":{"rendered":"https:\/\/ziya.info.az\/?p=894"},"modified":"2023-02-05T01:45:30","modified_gmt":"2023-02-04T21:45:30","slug":"aztu-h%c9%99mkarlar-ittifaqi-komit%c9%99sin%c9%99-yeni-s%c9%99dr-secilib","status":"publish","type":"post","link":"https:\/\/ziya.info.az\/?p=894","title":{"rendered":"AzTU H\u0259mkarlar \u0130ttifaq\u0131 Komit\u0259sin\u0259 yeni s\u0259dr se\u00e7ilib"},"content":{"rendered":"<p><span style=\"color: #ff0000;\"><b>T\u018fBR\u0130K ED\u0130R\u0130K!..<\/b><b><\/b><\/span><\/p>\n<p>Az\u0259rbaycan Texniki Universitetinin (AzTU) H\u0259mkarlar \u0130ttifaq\u0131 Komit\u0259sinin (H\u0130K) n\u00f6vb\u0259d\u0259nk\u0259nar iclas\u0131 ke\u00e7irilib. Az\u0259rbaycan T\u0259hsil \u0130\u015f\u00e7il\u0259ri Azad H\u0259mkarlar \u0130ttifaq\u0131 Respublika Komit\u0259sinin (AT\u0130AH\u0130 RK) s\u0259dr m\u00fcavini Mirz\u0259 C\u0259f\u0259rzad\u0259 bildirib ki, AzTU H\u0130K-in s\u0259dri \u0130lham Aslanzad\u0259 \u00f6z ist\u0259yi il\u0259 v\u0259zif\u0259sind\u0259n ayr\u0131ld\u0131\u011f\u0131 \u00fc\u00e7\u00fcn iclasda yeni s\u0259drin se\u00e7ilm\u0259si m\u0259s\u0259l\u0259sin\u0259 bax\u0131lacaq.<br \/>\n<img fetchpriority=\"high\" decoding=\"async\" class=\"alignnone size-medium wp-image-896\" src=\"https:\/\/ziya.info.az\/wp-content\/uploads\/2023\/02\/Elvin-Bextiyarli-0003-300x169.jpg\" alt=\"\" width=\"300\" height=\"169\" srcset=\"https:\/\/ziya.info.az\/wp-content\/uploads\/2023\/02\/Elvin-Bextiyarli-0003-300x169.jpg 300w, https:\/\/ziya.info.az\/wp-content\/uploads\/2023\/02\/Elvin-Bextiyarli-0003.jpg 450w\" sizes=\"(max-width: 300px) 100vw, 300px\" \/><\/p>\n<p>\u0130clasda yeni s\u0259dr v\u0259zif\u0259sin\u0259 AzTU-nun Mexatronika v\u0259 ma\u015f\u0131n dizayn\u0131 kafedras\u0131n\u0131n m\u00fc\u0259llimi Elvin B\u0259xtiyarl\u0131n\u0131n namiz\u0259dliyi ir\u0259li s\u00fcr\u00fcl\u00fcb. Qeyd olunub ki, Elvin B\u0259xtiyarl\u0131 uzun ill\u0259r AzTU-nun T\u0259l\u0259b\u0259 H\u0259mkarlar \u0130ttifaq\u0131 Komit\u0259sinin s\u0259dri v\u0259zif\u0259sind\u0259 \u00e7al\u0131\u015f\u0131b v\u0259 onun bu sah\u0259d\u0259 kifay\u0259t q\u0259d\u0259r t\u0259cr\u00fcb\u0259si var. Komit\u0259 \u00fczvl\u0259rinin yekdil r\u0259yi il\u0259 Elvin B\u0259xtiyarl\u0131 AzTU H\u0130K-in yeni s\u0259dri se\u00e7ilib.<\/p>\n<p><b><img decoding=\"async\" class=\"alignnone size-medium wp-image-897\" src=\"https:\/\/ziya.info.az\/wp-content\/uploads\/2023\/02\/Elvin-Bextiyarli-0002-300x201.jpg\" alt=\"\" width=\"300\" height=\"201\" srcset=\"https:\/\/ziya.info.az\/wp-content\/uploads\/2023\/02\/Elvin-Bextiyarli-0002-300x201.jpg 300w, https:\/\/ziya.info.az\/wp-content\/uploads\/2023\/02\/Elvin-Bextiyarli-0002.jpg 450w\" sizes=\"(max-width: 300px) 100vw, 300px\" \/><\/b><\/p>\n<p><b>AzTU-nun rektoru Vilay\u0259t V\u0259liyev<\/b>\u00a0yeni s\u0259dr\u0259 u\u011furlar arzulay\u0131b. Bildirib ki, universitetin H\u0259mkarlar \u0130ttifaq\u0131 f\u0259aliyy\u0259tini sistemli \u015f\u0259kild\u0259 qurmal\u0131d\u0131r. \u018fm\u0259kda\u015flar\u0131n h\u00fcquqlar\u0131n\u0131n m\u00fcdafi\u0259si, onlar\u0131n asud\u0259 vaxtlar\u0131n\u0131n s\u0259m\u0259r\u0259li t\u0259\u015fkili, \u0259m\u0259yin v\u0259 sa\u011flaml\u0131\u011f\u0131n m\u00fchafiz\u0259si sah\u0259sind\u0259 i\u015fl\u0259rin m\u00fcasir standartlar s\u0259viyy\u0259sind\u0259 apar\u0131lmas\u0131 d\u00f6vr\u00fcn t\u0259l\u0259bidir. Bu m\u0259nada H\u0259mkarlar \u0130ttifaq\u0131n\u0131n m\u0259suliyy\u0259ti b\u00f6y\u00fckd\u00fcr. Rektor uzun ill\u0259r bu sah\u0259d\u0259 t\u0259cr\u00fcb\u0259si olan Elvin B\u0259xtiyarl\u0131n\u0131n t\u0259yinat\u0131n\u0131n t\u0259qdir\u0259layiq add\u0131m oldu\u011funu qeyd edib.<\/p>\n<p><span style=\"color: #ff0000;\"><b><i>Biz d\u0259 Elvin B\u0259xtiyarl\u0131n\u0131 AzTU H\u0259mkarlar \u0130ttifaq\u0131 Komit\u0259sinin s\u0259dri v\u0259zif\u0259sin\u0259 se\u00e7ilm\u0259si m\u00fcnasib\u0259til\u0259 \u00fcr\u0259kd\u0259n t\u0259brik edir v\u0259 ona yeni-yeni u\u011furlar arzulay\u0131r\u0131q!..<\/i><\/b><\/span><b><\/b><\/p>\n<p><strong><span style=\"color: #3366ff;\">M\u00fc\u015ffiq BOR\u00c7ALI,<\/span><\/strong><\/p>\n<p><strong><span style=\"color: #3366ff;\"><i>ZiM.Az<\/i><\/span><\/strong><\/p>\n<p>.<\/p>\n","protected":false},"excerpt":{"rendered":"<p>T\u018fBR\u0130K ED\u0130R\u0130K!.. Az\u0259rbaycan Texniki Universitetinin (AzTU) H\u0259mkarlar \u0130ttifaq\u0131 Komit\u0259sinin (H\u0130K) n\u00f6vb\u0259d\u0259nk\u0259nar iclas\u0131 ke\u00e7irilib. Az\u0259rbaycan T\u0259hsil&#8230;<\/p>\n","protected":false},"author":2,"featured_media":895,"comment_status":"open","ping_status":"open","sticky":false,"template":"","format":"standard","meta":{"footnotes":""},"categories":[3,5,77,78,58,14],"tags":[],"class_list":["post-894","post","type-post","status-publish","format-standard","has-post-thumbnail","hentry","category-aztu","category-digr","category-hik","category-qht","category-saglamliq","category-shiyy"],"featured_image_urls":{"full":["https:\/\/ziya.info.az\/wp-content\/uploads\/2023\/02\/Elvin-Bextiyarli-0001.jpg",305,348,false],"thumbnail":["https:\/\/ziya.info.az\/wp-content\/uploads\/2023\/02\/Elvin-Bextiyarli-0001-150x150.jpg",150,150,true],"medium":["https:\/\/ziya.info.az\/wp-content\/uploads\/2023\/02\/Elvin-Bextiyarli-0001-263x300.jpg",263,300,true],"medium_large":["https:\/\/ziya.info.az\/wp-content\/uploads\/2023\/02\/Elvin-Bextiyarli-0001.jpg",305,348,false],"large":["https:\/\/ziya.info.az\/wp-content\/uploads\/2023\/02\/Elvin-Bextiyarli-0001.jpg",305,348,false],"1536x1536":["https:\/\/ziya.info.az\/wp-content\/uploads\/2023\/02\/Elvin-Bextiyarli-0001.jpg",305,348,false],"2048x2048":["https:\/\/ziya.info.az\/wp-content\/uploads\/2023\/02\/Elvin-Bextiyarli-0001.jpg",305,348,false],"newsphere-slider-full":["https:\/\/ziya.info.az\/wp-content\/uploads\/2023\/02\/Elvin-Bextiyarli-0001.jpg",305,348,false],"newsphere-featured":["https:\/\/ziya.info.az\/wp-content\/uploads\/2023\/02\/Elvin-Bextiyarli-0001.jpg",305,348,false],"newsphere-medium":["https:\/\/ziya.info.az\/wp-content\/uploads\/2023\/02\/Elvin-Bextiyarli-0001.jpg",305,348,false]},"author_info":{"display_name":"Z\u0130YA.\u0130NFO.AZ","author_link":"https:\/\/ziya.info.az\/author\/admin"},"category_info":"<a href=\"https:\/\/ziya.info.az\/?cat=3\" rel=\"category\">AzTU<\/a> <a href=\"https:\/\/ziya.info.az\/?cat=5\" rel=\"category\">D\u0130G\u018fR<\/a> <a href=\"https:\/\/ziya.info.az\/?cat=77\" rel=\"category\">H\u0130K<\/a> <a href=\"https:\/\/ziya.info.az\/?cat=78\" rel=\"category\">QHT<\/a> <a href=\"https:\/\/ziya.info.az\/?cat=58\" rel=\"category\">SA\u011eLAMLIQ<\/a> <a href=\"https:\/\/ziya.info.az\/?cat=14\" rel=\"category\">S\u0259hiyy\u0259<\/a>","tag_info":"S\u0259hiyy\u0259","comment_count":"0","_links":{"self":[{"href":"https:\/\/ziya.info.az\/index.php?rest_route=\/wp\/v2\/posts\/894","targetHints":{"allow":["GET"]}}],"collection":[{"href":"https:\/\/ziya.info.az\/index.php?rest_route=\/wp\/v2\/posts"}],"about":[{"href":"https:\/\/ziya.info.az\/index.php?rest_route=\/wp\/v2\/types\/post"}],"author":[{"embeddable":true,"href":"https:\/\/ziya.info.az\/index.php?rest_route=\/wp\/v2\/users\/2"}],"replies":[{"embeddable":true,"href":"https:\/\/ziya.info.az\/index.php?rest_route=%2Fwp%2Fv2%2Fcomments&post=894"}],"version-history":[{"count":3,"href":"https:\/\/ziya.info.az\/index.php?rest_route=\/wp\/v2\/posts\/894\/revisions"}],"predecessor-version":[{"id":949,"href":"https:\/\/ziya.info.az\/index.php?rest_route=\/wp\/v2\/posts\/894\/revisions\/949"}],"wp:featuredmedia":[{"embeddable":true,"href":"https:\/\/ziya.info.az\/index.php?rest_route=\/wp\/v2\/media\/895"}],"wp:attachment":[{"href":"https:\/\/ziya.info.az\/index.php?rest_route=%2Fwp%2Fv2%2Fmedia&parent=894"}],"wp:term":[{"taxonomy":"category","embeddable":true,"href":"https:\/\/ziya.info.az\/index.php?rest_route=%2Fwp%2Fv2%2Fcategories&post=894"},{"taxonomy":"post_tag","embeddable":true,"href":"https:\/\/ziya.info.az\/index.php?rest_route=%2Fwp%2Fv2%2Ftags&post=894"}],"curies":[{"name":"wp","href":"https:\/\/api.w.org\/{rel}","templated":true}]}}