{"id":2346,"date":"2024-08-30T02:14:33","date_gmt":"2024-08-29T22:14:33","guid":{"rendered":"https:\/\/ziya.info.az\/?p=2346"},"modified":"2024-08-30T02:14:33","modified_gmt":"2024-08-29T22:14:33","slug":"gorkemli-edebiyyatsunas-firidun-bey-kocerlinin-yaradiciliginda-dahi-mehemmed-fuzuli-edebi-irsinin-izleri","status":"publish","type":"post","link":"https:\/\/ziya.info.az\/?p=2346","title":{"rendered":"G\u00d6RK\u018fML\u0130 \u018fD\u018fB\u0130YYAT\u015e\u00dcNAS F\u0130R\u0130DUN B\u018fY K\u00d6\u00c7\u018fRL\u0130N\u0130N YARADICILI\u011eINDA DAH\u0130 M\u018fH\u018fMM\u018fD F\u00dcZUL\u0130                              \u018fD\u018fB\u0130-\u0130RS\u0130N\u0130N \u0130ZL\u018fR\u0130"},"content":{"rendered":"<p><span style=\"color: #ff0000;\"><strong>Az\u0259rbaycan \u0259d\u0259biyyat\u0131na yeni m\u0259zmun, yeni b\u0259dii keyfiyy\u0259tl\u0259r g\u0259tir\u0259n F\u00fczuli yarad\u0131c\u0131l\u0131\u011f\u0131 Az\u0259rbaycan xalq\u0131n\u0131n ictimai v\u0259 b\u0259dii fikir tarixind\u0259 yeni bir m\u0259rh\u0259l\u0259nin ba\u015flan\u011f\u0131c\u0131 oldu. \u00dc\u00e7 dild\u0259 \u00f6lm\u0259z \u0259s\u0259rl\u0259r yaradan bu dahi s\u0259n\u0259tkar yax\u0131n \u015e\u0259rqin \u0259d\u0259bi h\u0259yat\u0131na, T\u00fcrkiy\u0259, \u0130ran v\u0259 Orta Asiya xalqlar\u0131n\u0131n \u0259d\u0259biyyat\u0131na d\u0259rin t\u0259sir g\u00f6st\u0259rmi\u015fdir.<\/strong><\/span><\/p>\n<p><span style=\"color: #ff0000;\"><strong>Dahi Az\u0259rbaycan \u015fairi M\u0259h\u0259mm\u0259d F\u00fczulinin h\u0259yat v\u0259 yarad\u0131c\u0131l\u0131\u011f\u0131n\u0131n bu g\u00fcn\u00fcm\u00fcz\u0259 g\u0259lib \u00e7\u0131xmas\u0131nda Az\u0259rbaycan m\u0259d\u0259niyy\u0259tind\u0259 x\u00fcsusi d\u0259sti-x\u0259tti olan g\u00f6rk\u0259mli \u0259d\u0259biyyat\u015f\u00fcnas, d\u0259y\u0259rli pedaqoq, folklor\u015f\u00fcnas alim Firidun b\u0259y K\u00f6\u00e7\u0259rlinin \u00e7ox m\u00fch\u00fcm rolu vard\u0131r.<\/strong><\/span><\/p>\n<p><span style=\"color: #ff0000;\"><strong>F.b.K\u00f6\u00e7\u0259rli Az\u0259rbaycan m\u0259d\u0259niyy\u0259tind\u0259 \u0259d\u0259biyyat tarix\u00e7isi kimi tan\u0131n\u0131r. Az\u0259rbaycan folklorunun ara\u015fd\u0131r\u0131lmas\u0131nda v\u0259 klassik irsimizin t\u0259dqiqat\u0131n\u0131n\u00a0 apar\u0131lmas\u0131nda K\u00f6\u00e7\u0259rlinin z\u0259hm\u0259ti olduqca b\u00f6y\u00fckd\u00fcr.<\/strong><\/span><\/p>\n<p>\u018fdibin 1903-c\u00fc ild\u0259 toplay\u0131b meydana \u00e7\u0131xard\u0131\u011f\u0131 \u201cAz\u0259rbaycan t\u00fcrkl\u0259rinin \u0259d\u0259biyyat\u0131\u201d adl\u0131 \u0259s\u0259ri Az\u0259rbaycan \u0259d\u0259biyyat\u0131 tarix\u00e7iliyind\u0259 maarifp\u0259rv\u0259r ziyal\u0131lar t\u0259r\u0259find\u0259n laz\u0131m\u0131nca d\u0259y\u0259rl\u0259ndirilmi\u015f v\u0259 r\u0259\u011fb\u0259tl\u0259 qar\u015f\u0131lanm\u0131\u015fd\u0131r. Kitab y\u0131\u011fcam \u015f\u0259kild\u0259 oldu\u011fundan Firidun b\u0259y onu bir q\u0259d\u0259r d\u0259 geni\u015fl\u0259ndirm\u0259k q\u0259rar\u0131na g\u0259lir. Bunun \u00fc\u00e7\u00fcn K\u00f6\u00e7\u0259rli Az\u0259rbaycan\u0131n b\u00fct\u00fcn b\u00f6lg\u0259l\u0259rini k\u0259ndb\u0259k\u0259nd g\u0259z\u0259r\u0259k, ara\u015fd\u0131rmalar apar\u0131r, yaxud uzaq rayonlarda ya\u015fayan dostlar\u0131na m\u0259krubla m\u00fcraci\u0259t ed\u0259r\u0259k klassikl\u0259rimiz haqq\u0131nda\u00a0 bildikl\u0259ri v\u0259 e\u015fitdikl\u0259rini yaz\u0131b ona g\u00f6nd\u0259rm\u0259sini xahi\u015f edirdi. N\u0259hay\u0259t toplan\u0131lan materiallar \u0259sas\u0131nda o, 129 n\u0259f\u0259r klassik \u0259d\u0259bi \u015f\u0259xsiyy\u0259t haqq\u0131nda \u201cAz\u0259rbaycan \u0259d\u0259biyyat\u0131 tarixi materiallar\u0131\u201d adl\u0131 ikicildlik \u0259s\u0259ri meydana \u00e7\u0131xara bilir. T\u0259\u0259ss\u00fcf ki, m\u00fc\u0259yy\u0259n qada\u011falar v\u0259 imkans\u0131zl\u0131q \u00fcz\u00fcnd\u0259n o sa\u011fl\u0131\u011f\u0131nda bu kitab\u0131 \u00f6z\u00fc n\u0259\u015fr etdir\u0259 bilmir. Bu kitab, 1925-1926-c\u0131 ill\u0259rd\u0259 \u00a0K\u00f6\u00e7\u0259rlinin \u00f6l\u00fcm\u00fcnd\u0259n be\u015f il sonra onun h\u0259yat yolda\u015f\u0131 Badis\u0259ba xan\u0131m\u0131n t\u0259\u015f\u0259bb\u00fcs\u00fc il\u0259 Az\u0259rbaycan D\u00f6vl\u0259t n\u0259\u015friyyat\u0131 t\u0259r\u0259find\u0259n \u00e7ap olunmu\u015f,\u00a0 daha sonrak\u0131 ill\u0259rd\u0259 is\u0259\u00a0 \u201cAz\u0259rbaycan \u0259d\u0259biyyat\u0131\u201d ad\u0131 il\u0259 yenid\u0259n n\u0259\u015fr edilmi\u015fdir<\/p>\n<p>Oxucular\u0131n\u0131n sev\u0259-sev\u0259 oxuduqlar\u0131 v\u0259 tan\u0131d\u0131qlar\u0131 Az\u0259rbaycan \u015fair v\u0259 yaz\u0131\u00e7\u0131lar\u0131 m\u0259hz bu kitab vasit\u0259si il\u0259 biz\u0259 g\u0259lib \u00e7atm\u0131\u015fd\u0131r.<\/p>\n<p>Firidun b\u0259y K\u00f6\u00e7\u0259rli \u00f6z\u00fcnd\u0259n \u0259vv\u0259ll\u0259r d\u0259 bel\u0259 bir t\u0259\u015f\u0259bb\u00fcsd\u0259 bulunan t\u0259dqiqat\u00e7\u0131lar\u0131n F\u00fczuli haqq\u0131nda v\u0259 el\u0259c\u0259 d\u0259 dig\u0259r klassikl\u0259rimizin \u0259s\u0259rl\u0259ri haqq\u0131nda m\u0259lumatlar \u0259ld\u0259 etm\u0259k \u00fc\u00e7\u00fcn xeyli z\u0259hm\u0259t \u00e7\u0259km\u0259li olmu\u015fdur.<\/p>\n<p>K\u00f6\u00e7\u0259rlinin \u201cAz\u0259rbaycan t\u00fcrkl\u0259rinin \u0259d\u0259biyyat\u0131\u201d adl\u0131 \u0259s\u0259rind\u0259 yer alan \u015f\u0259xsiyy\u0259tl\u0259r i\u00e7\u0259risind\u0259 Az\u0259rbaycan\u0131n dahi klassik \u015fairi M.F\u00fczulinin d\u0259 x\u00fcsusi yeri vard\u0131r. F.b.K\u00f6\u00e7\u0259rlinin bu \u0259s\u0259ri F\u00fczuliy\u0259 h\u0259sr edilmi\u015f o\u00e7erkl\u0259 ba\u015flay\u0131r.\u00a0 Lakin, \u0259s\u0259rd\u0259 F\u00fczuli d\u00fchas\u0131 il\u0259 yana\u015f\u0131 X\u0259qani, \u018fb\u00fcl \u00dcla G\u0259nc\u0259vi, F\u0259l\u0259ki \u015eirvani, M\u0259hs\u0259ti G\u0259nc\u0259vi, \u0130zz\u0259ddin \u015eirvani, M\u00fccir\u0259ddin Beyl\u0259qani, Seyid Z\u00fclfiqar \u015eirvani v\u0259 ba\u015fqalar\u0131 haqq\u0131nda da m\u0259lumat verilmi\u015fdir.<\/p>\n<p>F.b.K\u00f6\u00e7\u0259rlinin F\u00fczuli yarad\u0131c\u0131l\u0131\u011f\u0131ndan b\u0259hr\u0259l\u0259ndiyini v\u0259 onun \u0259s\u0259rl\u0259rin\u0259 m\u0259xsusi m\u0259h\u0259bb\u0259ti oldu\u011fu a\u015fkard\u0131r.<\/p>\n<p>Firidun b\u0259yin F\u00fczuliy\u0259 dair t\u0259dqiqat\u0131nda yeni v\u0259 \u0259h\u0259miyy\u0259tli olan\u0131 ondan ibar\u0259tdir ki, o \u015fairin t\u0259rc\u00fcmeyi-hal\u0131 haqq\u0131ndak\u0131 m\u0259lumat\u0131 xeyli geni\u015fl\u0259ndirmi\u015f, \u015fairin \u00f6z ana dilind\u0259 yazmas\u0131na b\u00f6y\u00fck \u0259h\u0259miyy\u0259t ver\u0259r\u0259k \u201cF\u00fczuli t\u00fcrk o\u011flu olma\u011f\u0131na bina\u0259n \u00f6z ana dilini art\u0131caq sevib d\u0259 ona r\u00f6vn\u0259q verm\u0259yi ba\u015f v\u0259zif\u0259l\u0259rd\u0259n birisi hesab edirmi\u015f\u201d dey\u0259\u00a0 qeyd etmi\u015fdir.<\/p>\n<p>T\u0259bidir ki, \u0259s\u0259rl\u0259rind\u0259 t\u0259krar-t\u0259krar Az\u0259rbaycan dilind\u0259 \u015feir yaratma\u011f\u0131n \u00e7\u0259tinliyind\u0259n b\u0259hs ed\u0259n F\u00fczulinin bir v\u0259t\u0259np\u0259rv\u0259r kimi do\u011fma ana dilin\u0259 olan sevgisi v\u0259 m\u0259h\u0259bb\u0259ti Firidun b\u0259yin diqq\u0259tini c\u0259lb etmi\u015fdir.<\/p>\n<p>\u00dcmumiyy\u0259tl\u0259 Firidun b\u0259yin h\u0259yat v\u0259 yarad\u0131c\u0131l\u0131\u011f\u0131n\u0131n may\u0259sind\u0259 onun dilimiz\u0259, k\u00f6k\u00fcm\u00fcz\u0259, soyumuza ba\u011fl\u0131l\u0131\u011f\u0131 olan \u015fairl\u0259rin yarad\u0131c\u0131l\u0131\u011f\u0131 dayan\u0131r. B\u00fct\u00fcn h\u0259yat\u0131n\u0131 mill\u0259tin maarifl\u0259nm\u0259sin\u0259, t\u0259hsil almas\u0131na, ad\u0259t-\u0259n\u0259n\u0259l\u0259rimizin qorunmas\u0131na h\u0259sr etmi\u015f F.b.K\u00f6\u00e7\u0259rli bu fikird\u0259 olan \u015fairl\u0259rin yarad\u0131c\u0131l\u0131\u011f\u0131na b\u00f6y\u00fck d\u0259y\u0259r vermi\u015f v\u0259 \u00f6z\u00fc d\u0259 bu dahi klassikl\u0259rin \u0259s\u0259rl\u0259rind\u0259n b\u0259hr\u0259l\u0259nmi\u015fdir.<\/p>\n<p>Az\u0259rbaycan dilind\u0259 d\u00fcnya s\u0259viyy\u0259li \u0259s\u0259rl\u0259ri yaratmaq kimi b\u00f6y\u00fck v\u0259zif\u0259ni, b\u00fct\u00fcn \u00e7\u0259tinlikl\u0259r\u0259 baxmayaraq, parlaq sur\u0259td\u0259 yerin\u0259 yetirm\u0259k \u015fairin \u0259n b\u00f6y\u00fck tarixi xidm\u0259ti oldu\u011fu kimi h\u0259m d\u0259 onun fitri istedad\u0131ndan x\u0259b\u0259r verir.<\/p>\n<p>F.b.K\u00f6\u00e7\u0259rli \u0259d\u0259biyyat\u0131 mill\u0259tin inki\u015faf s\u0259viyy\u0259si hesab edirdi v\u0259 h\u0259tta K\u00f6\u00e7\u0259rliy\u0259 g\u00f6r\u0259 \u0259d\u0259biyyat\u0131 mill\u0259tin \u201cq\u00fcdr\u0259t v\u0259 c\u0259lal\u0131n\u0131\u201d g\u00f6st\u0259r\u0259n tarixi v\u0259siq\u0259, xalq\u0131 ya\u015fadan vasit\u0259 hesab etm\u0259k olar.<\/p>\n<p>Az\u0259rbaycan m\u0259d\u0259niyy\u0259t tarixinin simalar\u0131n\u0131n klassik \u0259d\u0259biyyat\u0131m\u0131zda olmas\u0131, h\u0259m\u00e7inin onlar\u0131n Az\u0259rbaycan xalq\u0131 t\u0259r\u0259find\u0259n tan\u0131nmas\u0131, bu g\u00fcn\u00fcm\u00fczd\u0259 d\u0259 o dahi s\u0259n\u0259tkarlar\u0131n \u0259s\u0259rl\u0259rin\u0259 m\u00fcraci\u0259t olunmas\u0131 Firidun b\u0259y K\u00f6\u00e7\u0259rli v\u0259 el\u0259c\u0259 d\u0259\u00a0 onun m\u00fcasirl\u0259rinin z\u0259hm\u0259ti m\u00fcqabilind\u0259 olmu\u015fdur.<\/p>\n<p>F.K\u00f6\u00e7\u0259rli dahi \u015fairin Az\u0259rbaycan \u0259d\u0259bi dili inki\u015faf\u0131nda oynad\u0131\u011f\u0131 rolu qiym\u0259tl\u0259ndir\u0259r\u0259k yaz\u0131r: \u201cH\u0259qiq\u0259td\u0259 dem\u0259k olur ki, t\u00fcrk dilin\u0259 r\u00f6vn\u0259q ver\u0259n v\u0259 onu xar v\u0259 xa\u015fakd\u0259n t\u0259mizl\u0259yib bir g\u00f6y\u00e7\u0259k v\u0259 s\u0259fal\u0131 \u00e7\u0259m\u0259n\u0259 b\u0259nz\u0259d\u0259n F\u00fczuli olubdur v\u0259 bununla biz t\u00fcrkl\u0259rin \u00fcst\u0259 \u00fcmum\u0259n v\u0259 Az\u0259rbaycan t\u00fcrkl\u0259rinin boynuna b\u00f6y\u00fck minn\u0259t qoyubdur\u201d.<\/p>\n<p>K\u00f6\u00e7\u0259rli \u00e7ox haql\u0131 olaraq qeyd edirdi ki, \u201cAz\u0259rbaycan \u0259d\u0259bi dilinin yaranmas\u0131nda, inki\u015faf\u0131nda v\u0259 kamill\u0259\u015fm\u0259sind\u0259 g\u00f6rk\u0259mli \u015fair v\u0259 yaz\u0131\u00e7\u0131lar\u0131m\u0131z\u0131n b\u00f6y\u00fck rolu olubdur. \u018fd\u0259bi dilin formala\u015fmas\u0131nda xalq yarad\u0131c\u0131l\u0131q n\u00fcmun\u0259l\u0259ri v\u0259 el\u0259c\u0259 d\u0259 sad\u0259, g\u00f6z\u0259l yaz\u0131lm\u0131\u015f \u0259s\u0259rl\u0259r \u0259h\u0259miyy\u0259t da\u015f\u0131y\u0131r. O, M.F\u00fczulinin Az\u0259rbaycan dilind\u0259 yaz\u0131lm\u0131\u015f \u0259s\u0259rl\u0259rini misal g\u0259tir\u0259r\u0259k, bu dilin t\u00fck\u0259nm\u0259z imkanlara malik oldu\u011funu g\u00f6st\u0259rirdi. Xalq\u0131n daxilind\u0259n g\u0259l\u0259n fikirl\u0259ri onun \u00f6z\u00fcn\u00fcn dan\u0131\u015fd\u0131\u011f\u0131 do\u011fma ana dili q\u0259d\u0259r he\u00e7 n\u0259yl\u0259 ifad\u0259 etm\u0259k m\u00fcmk\u00fcn deyil\u201d. F.b.K\u00f6\u00e7\u0259rli daha sonra qeyd edirdi ki, \u201c\u00e7\u00fcnki, bu fikirl\u0259r t\u0259kc\u0259 dill\u0259 ba\u011fl\u0131 deyil, h\u0259m d\u0259 xalq\u0131n ruhu il\u0259 \u0259laq\u0259dard\u0131r.<\/p>\n<p>F.K\u00f6\u00e7\u0259rlinin fikirl\u0259rind\u0259 diqq\u0259ti c\u0259lb ed\u0259n \u0259h\u0259miyy\u0259tli c\u0259h\u0259tl\u0259rd\u0259n biri budur ki, o, F\u00fczuli lirikas\u0131 il\u0259 xalq\u0131n h\u0259yat\u0131 aras\u0131nda \u0259laq\u0259ni, F\u00fczuli poeziyas\u0131n\u0131n ictimai m\u0259zmununu, onun insanp\u0259rv\u0259rliyini do\u011fru d\u0259rk etmi\u015f, F\u00fczulinin m\u0259zlumlar\u0131n hal\u0131na yanmaq \u00fc\u00e7\u00fcn yaranm\u0131\u015f bir \u015fair oldu\u011funu g\u00f6st\u0259rmi\u015fdir.<\/p>\n<p>Ruh\u0259n V\u0259t\u0259nin\u0259, xalq\u0131na, dilin\u0259, dinin\u0259, ke\u00e7mi\u015fin\u0259 d\u0259rin m\u0259h\u0259bb\u0259tl\u0259 ba\u011fl\u0131 olan Firidun b\u0259y K\u00f6\u00e7\u0259rli F\u00fczuli yarad\u0131c\u0131l\u0131\u011f\u0131nda arzulad\u0131\u011f\u0131 fikirl\u0259rini tap\u0131rd\u0131. Bu x\u00fcsusiyy\u0259t onun F\u00fczuli yarad\u0131c\u0131l\u0131\u011f\u0131na bir m\u0259kt\u0259b kimi yana\u015fmas\u0131nda \u0259sas c\u0259h\u0259tl\u0259rd\u0259n biri olubdur. B\u0259lk\u0259 d\u0259 K\u00f6\u00e7\u0259rlinin V\u0259t\u0259n\u0259, xalqa q\u0259lb\u0259n ba\u011fl\u0131l\u0131\u011f\u0131, m\u0259h\u0259bb\u0259ti olmasayd\u0131, o bu t\u0259dqiqatlara \u00f6mr\u00fcn\u00fc h\u0259sr etm\u0259zdi.<\/p>\n<p>F\u00fczulinin h\u0259r zaman s\u00f6yl\u0259diyi \u201cXalqa m\u0259nf\u0259\u0259t ver, ehtiram qazan\u201d kimi d\u0259y\u0259rli s\u00f6zl\u0259ri bunu bir daha t\u0259sdiq edir.<\/p>\n<p>Orta \u0259srl\u0259rd\u0259 b\u00fct\u00fcn \u015e\u0259rq \u0259d\u0259biyyat\u0131nda hakim olan \u0259n\u0259n\u0259y\u0259 g\u00f6r\u0259 F\u00fczuli d\u0259 \u00f6z \u0259s\u0259rl\u0259rinin bir \u00e7oxunda Allah\u0131, pey\u011f\u0259mb\u0259ri, d\u00f6vr\u00fcn hakiml\u0259rini t\u0259rif ed\u0259r\u0259k, \u201cAllah\u0131n yarad\u0131c\u0131l\u0131q q\u00fcdr\u0259tini\u201d alq\u0131\u015flay\u0131r, din\u0259 olan h\u00f6rm\u0259tini g\u00f6st\u0259rm\u0259y\u0259 \u00e7al\u0131\u015f\u0131rd\u0131. Bu F\u00fczulinin \u201cLeyli v\u0259 M\u0259cnun\u201d poemas\u0131nda daha ayd\u0131n g\u00f6r\u00fcn\u00fcr. \u015eairin lirikas\u0131nda t\u0259r\u0259nn\u00fcm olunan co\u015fqun, f\u0259dakar, insanp\u0259rv\u0259r m\u0259h\u0259bb\u0259t \u201cLeyli v\u0259 m\u0259cnun\u201d poemas\u0131nda art\u0131q m\u00f6ht\u0259\u015f\u0259m bir abid\u0259 kimi ucalm\u0131\u015fd\u0131r. Bu poeman\u0131n g\u00f6z\u0259l c\u0259h\u0259tl\u0259rind\u0259n biri budur ki, \u015fair \u0259r\u0259b \u0259d\u0259biyyat\u0131na aid \u0259n\u0259n\u0259vi s\u00fcjetin ana x\u0259ttini saxlamaqla b\u0259rab\u0259r, onu orjinal sur\u0259td\u0259 i\u015fl\u0259mi\u015fv\u0259 \u00f6z m\u00fcasir c\u0259miyy\u0259tinin h\u0259yat\u0131 il\u0259 ba\u011flaya bilmi\u015fdir.<\/p>\n<p>F\u00fczulinin poemas\u0131n\u0131n h\u0259yatla, xalq il\u0259 \u0259laq\u0259sini F.K\u00f6\u00e7\u0259rli y\u00fcks\u0259k qiym\u0259tl\u0259ndirmi\u015fdir.<\/p>\n<p>T\u0259dqiqatlarda F\u00fczulini \u015e\u0259rqd\u0259 parlayan g\u00fcn\u0259\u015f\u0259 b\u0259nz\u0259dirdil\u0259r. \u0130ngilis \u015f\u0259rq\u015f\u00fcnas\u0131 Gibb F\u00fczuli haqq\u0131nda \u201cHe\u00e7 bir t\u00fcrk \u015fairi, h\u0259qiq\u0259t\u0259n F\u00fczuli q\u0259d\u0259r g\u00f6z\u0259l q\u0259z\u0259ll\u0259r yazmam\u0131\u015fd\u0131r\u201d dem\u0259si onun \u201cq\u0259lb \u015fairi\u201d oldu\u011funu v\u0259 F\u00fczuli lirikas\u0131nda s\u0259mimiyy\u0259ti x\u00fcsusi olaraq qiym\u0259tl\u0259ndirmi\u015fdir.<\/p>\n<p>\u00c7ox do\u011fru olaraq qeyd edirl\u0259r ki, \u201cF\u00fczuli ilham\u0131n\u0131\u00a0 h\u0259r hans\u0131 bir \u015fairin \u0259s\u0259rind\u0259n , \u00f6z x\u00fcsusi q\u0259lbind\u0259n al\u0131rd\u0131, o, \u00f6z d\u00fchas\u0131n\u0131n i\u015f\u0131\u011f\u0131 il\u0259 parlayaraq \u00f6z\u00fcn\u0259 xas olan yeni yol tapm\u0131\u015f, bu yolda onun s\u0259l\u0259fi olmam\u0131\u015fd\u0131r\u201d.<\/p>\n<p>F.b.K\u00f6\u00e7\u0259rlinin F\u00fczuli yarad\u0131c\u0131l\u0131\u011f\u0131na olan s\u0259mimi m\u00fcnasib\u0259tinin k\u00f6k\u00fcnd\u0259 d\u0259 bu fikirl\u0259r dayan\u0131r.<\/p>\n<p>Sovet hakimiyy\u0259tind\u0259n \u0259vv\u0259lki d\u00f6vrd\u0259 F\u00fczulinin h\u0259yat\u0131 v\u0259 \u0259s\u0259rl\u0259ri il\u0259 k\u00fctl\u0259l\u0259ri tan\u0131\u015f etm\u0259kd\u0259 F.b.K\u00f6\u00e7\u0259rli il\u0259 bir s\u0131rada Abdulla \u015eaiqin, F\u0259rhad A\u011fazad\u0259nin v\u0259 dig\u0259rl\u0259rinin d\u0259 m\u00fch\u00fcm rolu olubdur. Bu s\u0259b\u0259d\u0259n d\u0259 Firidun b\u0259y K\u00f6\u00e7\u0259rlinin \u201cAz\u0259rbaycan \u0259d\u0259biyyat\u0131\u201d adl\u0131 ikicildlik \u0259s\u0259ri m\u00fch\u00fcm \u0259h\u0259miyy\u0259t da\u015f\u0131y\u0131r. Bu \u0259s\u0259r xalq\u0131m\u0131z\u0131n \u00e7ox\u0259srlik \u0259d\u0259biyyat v\u0259 m\u0259d\u0259niyy\u0259tin\u0259 olan g\u00fccl\u00fc m\u0259h\u0259bb\u0259t hissil\u0259, b\u00f6y\u00fck z\u0259hm\u0259t hesab\u0131na meydana \u00e7\u0131xm\u0131\u015fd\u0131r.<\/p>\n<p>H\u0259r zaman xalq\u0131n maarifl\u0259nm\u0259si yolunda \u00e7al\u0131\u015fan, m\u00fcbariz\u0259 aparan Firidun b\u0259y K\u00f6\u00e7\u0259rlinin bu \u0259s\u0259ri\u00a0 Az\u0259rbaycan xalq\u0131na ke\u00e7mi\u015fini xat\u0131rlatmaqla yana\u015f\u0131, eyni zamanda klassik irsimizin n\u00fcmay\u0259nd\u0259l\u0259rinin istedad\u0131n\u0131 \u00fcz\u0259 \u00e7\u0131xartd\u0131, onlar\u0131 t\u0259kc\u0259 Az\u0259rbaycan xalq\u0131na deyil, d\u00fcnyaya tan\u0131tma\u011f\u0131 bacard\u0131.<\/p>\n<p>&nbsp;<\/p>\n<p><strong><span style=\"color: #3366ff;\">P\u018fR\u0130XANIM M\u0130KAYILQIZI<\/span><\/strong><\/p>\n<p><strong><span style=\"color: #3366ff;\"><em>\u201c\u015e\u0259rqin s\u0259si\u201d v\u0259 \u201cElm v\u0259 T\u0259hsil\u201d q\u0259zetl\u0259rinin ba\u015f\u00a0<\/em><em>redaktoru, <\/em><\/span><\/strong><\/p>\n<p><strong><span style=\"color: #3366ff;\"><em>AJB-nin \u00fczv\u00fc, \u015fair, yaz\u0131\u00e7\u0131, publisist,<\/em><\/span><\/strong><\/p>\n<p><strong><span style=\"color: #3366ff;\"><em>F.b.K\u00f6\u00e7\u0259rlinin t\u0259dqiat\u00e7\u0131s\u0131, d\u00f6vl\u0259t qullu\u011funun ba\u015f m<\/em><em>\u00fc\u015faviri, <\/em><\/span><\/strong><\/p>\n<p><strong><span style=\"color: #3366ff;\"><em>bir \u00e7ox medal v\u0259\u00a0 media m\u00fckafatlar\u0131\u00a0<\/em><em>laureat\u0131<\/em><\/span><\/strong><\/p>\n<p>&nbsp;<\/p>\n<p>&nbsp;<\/p>\n","protected":false},"excerpt":{"rendered":"<p>Az\u0259rbaycan \u0259d\u0259biyyat\u0131na yeni m\u0259zmun, yeni b\u0259dii keyfiyy\u0259tl\u0259r g\u0259tir\u0259n F\u00fczuli yarad\u0131c\u0131l\u0131\u011f\u0131 Az\u0259rbaycan xalq\u0131n\u0131n ictimai v\u0259 b\u0259dii&#8230;<\/p>\n","protected":false},"author":2,"featured_media":2347,"comment_status":"open","ping_status":"open","sticky":false,"template":"","format":"standard","meta":{"footnotes":""},"categories":[102,39,35,103],"tags":[],"class_list":["post-2346","post","type-post","status-publish","format-standard","has-post-thumbnail","hentry","category-ziya-qzeti","category-elmi-mqallr","category-humanitar-elmlr","category-ziya-info-az"],"featured_image_urls":{"full":["https:\/\/ziya.info.az\/wp-content\/uploads\/2024\/08\/fuzuli-0011-kocerli.jpg",449,242,false],"thumbnail":["https:\/\/ziya.info.az\/wp-content\/uploads\/2024\/08\/fuzuli-0011-kocerli-150x150.jpg",150,150,true],"medium":["https:\/\/ziya.info.az\/wp-content\/uploads\/2024\/08\/fuzuli-0011-kocerli-300x162.jpg",300,162,true],"medium_large":["https:\/\/ziya.info.az\/wp-content\/uploads\/2024\/08\/fuzuli-0011-kocerli.jpg",449,242,false],"large":["https:\/\/ziya.info.az\/wp-content\/uploads\/2024\/08\/fuzuli-0011-kocerli.jpg",449,242,false],"1536x1536":["https:\/\/ziya.info.az\/wp-content\/uploads\/2024\/08\/fuzuli-0011-kocerli.jpg",449,242,false],"2048x2048":["https:\/\/ziya.info.az\/wp-content\/uploads\/2024\/08\/fuzuli-0011-kocerli.jpg",449,242,false],"newsphere-slider-full":["https:\/\/ziya.info.az\/wp-content\/uploads\/2024\/08\/fuzuli-0011-kocerli.jpg",449,242,false],"newsphere-featured":["https:\/\/ziya.info.az\/wp-content\/uploads\/2024\/08\/fuzuli-0011-kocerli.jpg",449,242,false],"newsphere-medium":["https:\/\/ziya.info.az\/wp-content\/uploads\/2024\/08\/fuzuli-0011-kocerli.jpg",449,242,false]},"author_info":{"display_name":"Z\u0130YA.\u0130NFO.AZ","author_link":"https:\/\/ziya.info.az\/author\/admin"},"category_info":"<a href=\"https:\/\/ziya.info.az\/?cat=102\" rel=\"category\">\"Z\u0130YA\" q\u0259zeti<\/a> <a href=\"https:\/\/ziya.info.az\/?cat=39\" rel=\"category\">Elmi m\u0259qal\u0259l\u0259r<\/a> <a href=\"https:\/\/ziya.info.az\/?cat=35\" rel=\"category\">Humanitar elml\u0259r<\/a> <a href=\"https:\/\/ziya.info.az\/?cat=103\" rel=\"category\">Ziya.info.az<\/a>","tag_info":"Ziya.info.az","comment_count":"0","_links":{"self":[{"href":"https:\/\/ziya.info.az\/index.php?rest_route=\/wp\/v2\/posts\/2346","targetHints":{"allow":["GET"]}}],"collection":[{"href":"https:\/\/ziya.info.az\/index.php?rest_route=\/wp\/v2\/posts"}],"about":[{"href":"https:\/\/ziya.info.az\/index.php?rest_route=\/wp\/v2\/types\/post"}],"author":[{"embeddable":true,"href":"https:\/\/ziya.info.az\/index.php?rest_route=\/wp\/v2\/users\/2"}],"replies":[{"embeddable":true,"href":"https:\/\/ziya.info.az\/index.php?rest_route=%2Fwp%2Fv2%2Fcomments&post=2346"}],"version-history":[{"count":1,"href":"https:\/\/ziya.info.az\/index.php?rest_route=\/wp\/v2\/posts\/2346\/revisions"}],"predecessor-version":[{"id":2348,"href":"https:\/\/ziya.info.az\/index.php?rest_route=\/wp\/v2\/posts\/2346\/revisions\/2348"}],"wp:featuredmedia":[{"embeddable":true,"href":"https:\/\/ziya.info.az\/index.php?rest_route=\/wp\/v2\/media\/2347"}],"wp:attachment":[{"href":"https:\/\/ziya.info.az\/index.php?rest_route=%2Fwp%2Fv2%2Fmedia&parent=2346"}],"wp:term":[{"taxonomy":"category","embeddable":true,"href":"https:\/\/ziya.info.az\/index.php?rest_route=%2Fwp%2Fv2%2Fcategories&post=2346"},{"taxonomy":"post_tag","embeddable":true,"href":"https:\/\/ziya.info.az\/index.php?rest_route=%2Fwp%2Fv2%2Ftags&post=2346"}],"curies":[{"name":"wp","href":"https:\/\/api.w.org\/{rel}","templated":true}]}}