{"id":2270,"date":"2024-07-22T12:06:45","date_gmt":"2024-07-22T08:06:45","guid":{"rendered":"https:\/\/ziya.info.az\/?p=2270"},"modified":"2024-08-04T12:07:04","modified_gmt":"2024-08-04T08:07:04","slug":"r%c9%99sad-m%c9%99cid-z%c9%99f%c9%99rimiz%c9%99-layiq-olmaq-yaxud-media-v%c9%99-c%c9%99miyy%c9%99t-m%c9%99suliyy%c9%99ti-zim-az","status":"publish","type":"post","link":"https:\/\/ziya.info.az\/?p=2270","title":{"rendered":"R\u0259\u015fad M\u0259cid: &#8220;Z\u0259f\u0259rimiz\u0259 layiq olmaq, yaxud media v\u0259 c\u0259miyy\u0259t m\u0259suliyy\u0259ti&#8221; \u00bb ZiM.Az"},"content":{"rendered":"<p><span style=\"color: #cc0000;\"><b>Prezident \u0130lham \u018fliyevin, t\u0259kc\u0259 tarixi ger\u00e7\u0259klikl\u0259ri deyil, g\u00fcn\u00fcm\u00fcz\u00fcn yeni reall\u0131qlar\u0131n\u0131 da ham\u0131dan art\u0131q d\u00fc\u015f\u00fcn\u00fcb n\u0259z\u0259r\u0259 ald\u0131\u011f\u0131na, g\u0259l\u0259c\u0259k h\u0259d\u0259fl\u0259ri tam d\u0259qiqlikl\u0259 m\u00fc\u0259yy\u0259n etdiyin\u0259 h\u0259r g\u00fcn d\u0259f\u0259l\u0259rl\u0259, \u0259yani \u015f\u0259kild\u0259 \u015fahid oluruq.<\/b><\/span><\/p>\n<p>B\u00f6y\u00fck Z\u0259f\u0259rd\u0259n sonra, mill\u0259t, c\u0259miyy\u0259t v\u0259 d\u00f6vl\u0259t olaraq, qar\u015f\u0131m\u0131zda duran m\u0259qs\u0259dl\u0259ri \u0259n do\u011fru v\u0259 ayd\u0131n \u015f\u0259kild\u0259 xarakteriz\u0259 etm\u0259k bax\u0131m\u0131ndan c\u0259nab Prezidentin ke\u00e7\u0259n il may\u0131n 10-da \u015eu\u015fada s\u0259sl\u0259ndirdiyi bu fikirl\u0259r olduqca ibr\u0259tamizdir: <i>\u201cBu Z\u0259f\u0259r\u0259, bu Q\u0259l\u0259b\u0259y\u0259 h\u0259r zaman layiq olmal\u0131y\u0131q: h\u0259r birimiz, h\u0259r bir yerd\u0259. Bu Z\u0259f\u0259r, eyni zamanda, h\u0259r birimizin \u00fcz\u0259rin\u0259 \u0259lav\u0259 m\u0259suliyy\u0259t qoyur. Biz bu Z\u0259f\u0259r\u0259 layiq olmal\u0131y\u0131q\u201d.<\/i><!--colorend--><\/p>\n<p><!--\/colorend--><\/p>\n<p>G\u00f6r\u00fcnd\u00fcy\u00fc kimi, bu c\u00fcml\u0259l\u0259rd\u0259, d\u00f6vl\u0259t ba\u015f\u00e7\u0131s\u0131ndan s\u0131ravi az\u0259rbaycanl\u0131ya q\u0259d\u0259r, ham\u0131l\u0131qla qazand\u0131\u011f\u0131m\u0131z m\u00f6ht\u0259\u015f\u0259m Q\u0259l\u0259b\u0259y\u0259 layiq olma\u011fa \u00e7al\u0131\u015fmaq m\u00fch\u00fcm m\u0259n\u0259vi v\u0259t\u0259nda\u015fl\u0131q borcumuz kimi \u00f6n\u0259 \u00e7\u0259kilir. Yeni d\u00f6vr\u00fcn \u015f\u0259rtl\u0259rini, Qalib Xalq olma\u011f\u0131n \u00fcst\u00fcn m\u0259suliyy\u0259tini d\u0259rk edib payla\u015fmaq, h\u0259r an bu m\u0259suliyy\u0259tl\u0259 h\u0259r\u0259k\u0259t etm\u0259k z\u0259rur\u0259ti q\u0259tiyy\u0259tl\u0259 vur\u011fulan\u0131r. \u018ffsuslar olsun ki, h\u0259m c\u0259miyy\u0259t, h\u0259m d\u0259 f\u0259rd olaraq bu m\u0259suliyy\u0259ti he\u00e7 d\u0259 laz\u0131m\u0131nca anlay\u0131b b\u00f6l\u00fc\u015f\u0259 bilm\u0259diyimizi son g\u00fcnl\u0259rin hadis\u0259l\u0259ri bir daha ortaya qoydu. M\u0259lum oldu ki, can\u0131m\u0131z-qan\u0131m\u0131z bahas\u0131na qazand\u0131\u011f\u0131m\u0131z Z\u0259f\u0259r\u0259, 30 illik i\u015f\u011fala son qoyma\u011f\u0131m\u0131zla n\u0259tic\u0259l\u0259n\u0259n V\u0259t\u0259n M\u00fcharib\u0259sinin parlaq n\u0259tic\u0259l\u0259rin\u0259 layiq davranmaq h\u0259l\u0259lik c\u0259miyy\u0259timizin xeyli qismi \u00fc\u00e7\u00fcn uzaq m\u00f6vqedir.<\/p>\n<p>He\u00e7 \u015f\u00fcbh\u0259siz, indi ham\u0131m\u0131z\u0131n diqq\u0259t m\u0259rk\u0259zind\u0259 dayanan m\u00f6vzular B\u00f6y\u00fck Z\u0259f\u0259r qazanm\u0131\u015f Az\u0259rbaycan\u0131n regionda v\u0259 d\u00fcnyada g\u00fcnb\u0259g\u00fcn artan n\u00fcfuzu, bununla \u0259laq\u0259dar \u00f6lk\u0259mizd\u0259, x\u00fcsus\u0259n \u015eu\u015fada ard\u0131c\u0131l ke\u00e7iril\u0259n beyn\u0259lxalq t\u0259dbirl\u0259r, azad edilmi\u015f torpaqlar\u0131m\u0131zdak\u0131 n\u0259h\u0259ng quruculuq i\u015fl\u0259ri olmal\u0131d\u0131r. Bunun \u0259v\u0259zin\u0259, hans\u0131sa c\u0131l\u0131z qalmaqallar, f\u0259rdi kriminal olaylar, \u00f6t\u0259ri m\u0259i\u015f\u0259t m\u0259s\u0259l\u0259l\u0259ri g\u00fcnd\u0259m\u0259 g\u0259lir. Bel\u0259 olaylar h\u0259r g\u00fcn, h\u0259r saat f\u0259rqli donda, m\u00fcxt\u0259lif yozumda qar\u015f\u0131m\u0131za \u00e7\u0131x\u0131b h\u0259m vaxt\u0131m\u0131z\u0131, enerjimizi al\u0131r, h\u0259m d\u0259 \u0259s\u0259bl\u0259rimizi korlay\u0131r, m\u0259n\u0259vi-\u0259xlaqi tarazl\u0131\u011f\u0131m\u0131z\u0131 pozur.<\/p>\n<p>S\u0259viyy\u0259si \u0259ks\u0259r\u0259n he\u00e7 bir pozitivliy\u0259 yer qoymayan b\u0259zi sosial \u015f\u0259b\u0259k\u0259 istifad\u0259\u00e7il\u0259ri bir yana, \u00e7ox t\u0259\u0259ss\u00fcf ki, bir s\u0131ra hallarda ayr\u0131-ayr\u0131 media qurumlar\u0131 v\u0259 onlar\u0131n t\u0259msil\u00e7il\u0259ri d\u0259 bu da\u011f\u0131d\u0131c\u0131 \u201cg\u00fcnd\u0259m yaratmaq\u201d, st\u0259kanda f\u0131rt\u0131na qoparmaq prosesinin f\u0259al i\u015ftirak\u00e7\u0131s\u0131na \u00e7evrilirl\u0259r. Az\u0259rbaycan\u0131n v\u0259 d\u00fcnyan\u0131n haz\u0131rk\u0131 reall\u0131\u011f\u0131nda bel\u0259 b\u0259sit, m\u0259zmunsuz olaylara bu q\u0259d\u0259r diqq\u0259t ay\u0131rmaq, neqativ hadis\u0259l\u0259ri, d\u00fc\u015f\u00fck s\u00f6hb\u0259tl\u0259ri diqq\u0259t m\u0259rk\u0259zin\u0259 \u00e7\u0259km\u0259k son d\u0259r\u0259c\u0259 m\u0259suliyy\u0259tsiz davran\u0131\u015fd\u0131r. B\u00fct\u00fcn bunlar yersiz v\u0259 s\u0259viyy\u0259siz h\u0259r\u0259k\u0259t olmaqdan \u0259lav\u0259, milli v\u0259 ictimai bax\u0131mdan da \u00e7ox ziyanl\u0131 add\u0131mlard\u0131r. \u00c7\u00fcnki bu c\u00fcr qaramat yayan hallar\u0131n \u0259n yolverilm\u0259z formalarda, \u0259n iyr\u0259nc \u00fcsullarla gec\u0259-g\u00fcnd\u00fcz g\u00fcnd\u0259md\u0259 tutulmas\u0131 \u00fcmum\u0259n Az\u0259rbaycan\u0131n d\u00fcnyadak\u0131 Qalib v\u0259 M\u0259\u011frur obraz\u0131na, pak, l\u0259yaq\u0259tli simas\u0131na k\u00f6lg\u0259 salma\u011fa y\u00f6n\u0259lir.<\/p>\n<p>Az\u0259rbaycan M\u0259tbuat \u015euras\u0131n\u0131n sosial \u015f\u0259b\u0259k\u0259 istifad\u0259\u00e7il\u0259rin\u0259 v\u0259 v\u0259t\u0259nda\u015f medias\u0131 f\u0259allar\u0131na m\u00fcraci\u0259tind\u0259 d\u0259 vur\u011fuland\u0131\u011f\u0131 kimi, \u00e7a\u011fda\u015f d\u00f6vr\u00fcn \u0259sas platformalar\u0131 olan sosial \u015f\u0259b\u0259k\u0259l\u0259r v\u0259 v\u0259t\u0259nda\u015f medias\u0131 bu g\u00fcn c\u0259miyy\u0259tin m\u0259lumatland\u0131r\u0131lmas\u0131nda \u0259h\u0259miyy\u0259tli rol oynay\u0131rlar. Lakin bu platformalarda b\u0259zi \u015f\u0259xsl\u0259r azad m\u00fchitin imkanlar\u0131ndan sui-istifad\u0259 ed\u0259r\u0259k etik qaydalar\u0131 pozur, a\u015f\u0131r\u0131 aqressiya v\u0259 q\u0259r\u0259z s\u0259rgil\u0259yir, b\u00f6htan v\u0259 t\u0259hqir\u0259, vulqar ifad\u0259l\u0259rin i\u015fl\u0259dilm\u0259si hallar\u0131na yol verir, kin v\u0259 nifr\u0259t t\u0259bli\u011fat\u00e7\u0131lar\u0131na \u00e7evrilirl\u0259r. Bel\u0259 davran\u0131\u015f t\u0259rzi veril\u0259n m\u0259lumatlar\u0131n ictimai \u00e7\u0259kisini he\u00e7\u0259 endirm\u0259kl\u0259 b\u0259rab\u0259r, \u00f6lk\u0259mizin informasiya m\u0259kan\u0131na neqativ ab-hava g\u0259tirir, h\u0259tta b\u0259zi hallarda h\u00fcquqi m\u0259suliyy\u0259t yarad\u0131r.<\/p>\n<p><b>Halbuki sosial media m\u0259nsublar\u0131, bu platforman\u0131n f\u0259allar\u0131 ilk n\u00f6vb\u0259d\u0259 insan \u015f\u0259r\u0259f v\u0259 l\u0259yaq\u0259tini z\u0259d\u0259l\u0259m\u0259d\u0259n, cinay\u0259t, zorak\u0131l\u0131q, q\u0259ddarl\u0131q v\u0259 intihar hallar\u0131n\u0131n t\u0259\u015fviqin\u0259 yol verm\u0259d\u0259n, c\u0259miyy\u0259tin m\u0259n\u0259vi-psixoloji durumuna z\u0259rb\u0259 vurmadan, terror, xurafat v\u0259 c\u0259hal\u0259t t\u0259bli\u011fin\u0259 meydan a\u00e7madan f\u0259aliyy\u0259t g\u00f6st\u0259rm\u0259lidirl\u0259r.<br \/>\n<!--colorstart:#CC0000--><span style=\"color: #cc0000;\"><!--\/colorstart-->\u018fsas meyar, ba\u015fl\u0131ca davran\u0131\u015f \u00f6l\u00e7\u00fcs\u00fc is\u0259, Prezident \u0130lham \u018fliyevin vur\u011fulad\u0131\u011f\u0131 kimi, m\u0259hz B\u00f6y\u00fck Z\u0259f\u0259rimiz\u0259, \u015eanl\u0131 Q\u0259l\u0259b\u0259miz\u0259 layiq olmaq, ya\u015fad\u0131\u011f\u0131m\u0131z d\u00f6vr\u00fcn y\u00fcks\u0259k m\u0259suliyy\u0259tini d\u0259rk ed\u0259r\u0259k h\u0259r add\u0131mda buna uy\u011fun davranmaqd\u0131r! <\/span><\/b><!--colorend--><!--\/colorend--><\/p>\n<p><!--colorstart:#3366FF--><span style=\"color: #3366ff;\"><!--\/colorstart--><b>R\u0259\u015fad M\u0259cid,<br \/>\n<i>Az\u0259rbaycan M\u0259tbuat \u015euras\u0131n\u0131n s\u0259dri<\/i><\/b><\/span><\/p>\n<p><span style=\"color: #3366ff;\"><strong>ZiM.Az<\/strong><\/span><!--colorend--><!--\/colorend--><\/p>\n<p>&nbsp;<\/p>\n<p>.<\/p>\n","protected":false},"excerpt":{"rendered":"<p>Prezident \u0130lham \u018fliyevin, t\u0259kc\u0259 tarixi ger\u00e7\u0259klikl\u0259ri deyil, g\u00fcn\u00fcm\u00fcz\u00fcn yeni reall\u0131qlar\u0131n\u0131 da ham\u0131dan art\u0131q d\u00fc\u015f\u00fcn\u00fcb n\u0259z\u0259r\u0259&#8230;<\/p>\n","protected":false},"author":2,"featured_media":2272,"comment_status":"open","ping_status":"open","sticky":false,"template":"","format":"standard","meta":{"footnotes":""},"categories":[98,12,103],"tags":[],"class_list":["post-2270","post","type-post","status-publish","format-standard","has-post-thumbnail","hentry","category-kos-yazilar","category-media","category-ziya-info-az"],"featured_image_urls":{"full":["https:\/\/ziya.info.az\/wp-content\/uploads\/2024\/08\/resad-mecid-01c.jpg",306,317,false],"thumbnail":["https:\/\/ziya.info.az\/wp-content\/uploads\/2024\/08\/resad-mecid-01c-150x150.jpg",150,150,true],"medium":["https:\/\/ziya.info.az\/wp-content\/uploads\/2024\/08\/resad-mecid-01c-290x300.jpg",290,300,true],"medium_large":["https:\/\/ziya.info.az\/wp-content\/uploads\/2024\/08\/resad-mecid-01c.jpg",306,317,false],"large":["https:\/\/ziya.info.az\/wp-content\/uploads\/2024\/08\/resad-mecid-01c.jpg",306,317,false],"1536x1536":["https:\/\/ziya.info.az\/wp-content\/uploads\/2024\/08\/resad-mecid-01c.jpg",306,317,false],"2048x2048":["https:\/\/ziya.info.az\/wp-content\/uploads\/2024\/08\/resad-mecid-01c.jpg",306,317,false],"newsphere-slider-full":["https:\/\/ziya.info.az\/wp-content\/uploads\/2024\/08\/resad-mecid-01c.jpg",306,317,false],"newsphere-featured":["https:\/\/ziya.info.az\/wp-content\/uploads\/2024\/08\/resad-mecid-01c.jpg",306,317,false],"newsphere-medium":["https:\/\/ziya.info.az\/wp-content\/uploads\/2024\/08\/resad-mecid-01c.jpg",306,317,false]},"author_info":{"display_name":"Z\u0130YA.\u0130NFO.AZ","author_link":"https:\/\/ziya.info.az\/author\/admin"},"category_info":"<a href=\"https:\/\/ziya.info.az\/?cat=98\" rel=\"category\">K\u00d6\u015e\u018f YAZILAR<\/a> <a href=\"https:\/\/ziya.info.az\/?cat=12\" rel=\"category\">MED\u0130A<\/a> <a href=\"https:\/\/ziya.info.az\/?cat=103\" rel=\"category\">Ziya.info.az<\/a>","tag_info":"Ziya.info.az","comment_count":"0","_links":{"self":[{"href":"https:\/\/ziya.info.az\/index.php?rest_route=\/wp\/v2\/posts\/2270","targetHints":{"allow":["GET"]}}],"collection":[{"href":"https:\/\/ziya.info.az\/index.php?rest_route=\/wp\/v2\/posts"}],"about":[{"href":"https:\/\/ziya.info.az\/index.php?rest_route=\/wp\/v2\/types\/post"}],"author":[{"embeddable":true,"href":"https:\/\/ziya.info.az\/index.php?rest_route=\/wp\/v2\/users\/2"}],"replies":[{"embeddable":true,"href":"https:\/\/ziya.info.az\/index.php?rest_route=%2Fwp%2Fv2%2Fcomments&post=2270"}],"version-history":[{"count":1,"href":"https:\/\/ziya.info.az\/index.php?rest_route=\/wp\/v2\/posts\/2270\/revisions"}],"predecessor-version":[{"id":2273,"href":"https:\/\/ziya.info.az\/index.php?rest_route=\/wp\/v2\/posts\/2270\/revisions\/2273"}],"wp:featuredmedia":[{"embeddable":true,"href":"https:\/\/ziya.info.az\/index.php?rest_route=\/wp\/v2\/media\/2272"}],"wp:attachment":[{"href":"https:\/\/ziya.info.az\/index.php?rest_route=%2Fwp%2Fv2%2Fmedia&parent=2270"}],"wp:term":[{"taxonomy":"category","embeddable":true,"href":"https:\/\/ziya.info.az\/index.php?rest_route=%2Fwp%2Fv2%2Fcategories&post=2270"},{"taxonomy":"post_tag","embeddable":true,"href":"https:\/\/ziya.info.az\/index.php?rest_route=%2Fwp%2Fv2%2Ftags&post=2270"}],"curies":[{"name":"wp","href":"https:\/\/api.w.org\/{rel}","templated":true}]}}