{"id":1961,"date":"2024-02-04T00:58:10","date_gmt":"2024-02-03T20:58:10","guid":{"rendered":"https:\/\/ziya.info.az\/?p=1961"},"modified":"2024-02-04T01:26:23","modified_gmt":"2024-02-03T21:26:23","slug":"m%c9%99nim-prezidentim-m%c9%99nim-liderim","status":"publish","type":"post","link":"https:\/\/ziya.info.az\/?p=1961","title":{"rendered":"M\u0259nim Prezidentim! M\u0259nim Liderim!"},"content":{"rendered":"<p><span style=\"color: #ff0000;\"><b>Az\u0259rbaycan xalq\u0131 q\u0259dim v\u0259 z\u0259ngin d\u00f6vl\u0259t\u00e7ilik tarixin\u0259 malikdir. Baxmayaraq ki, q\u0259dim v\u0259 t\u0259bii s\u0259rv\u0259tl\u0259rl\u0259 z\u0259ngin olan \u00f6lk\u0259miz zaman-zaman i\u015f\u011fallara m\u0259ruz qal\u0131b, torpaqlar\u0131 talan edilib, c\u0259sur s\u0259rk\u0259rd\u0259l\u0259rinin, v\u0259t\u0259np\u0259rv\u0259r o\u011fullar\u0131n\u0131n, g\u00f6rk\u0259mli ziyal\u0131lar\u0131n\u0131n g\u00fcc\u00fc, f\u0259aliyy\u0259ti say\u0259sind\u0259 \u00f6z q\u00fcdr\u0259tini qoruyub saxlaya bilib.<\/b><\/span><\/p>\n<p>XX y\u00fczilliyin sonunda yenid\u0259n d\u00f6vl\u0259t m\u00fcst\u0259qilliyin\u0259 qovu\u015fan Az\u0259rbaycan\u0131n m\u00f6hk\u0259ml\u0259nm\u0259sin\u0259 v\u0259 y\u00fcks\u0259li\u015fin\u0259 \u00f6mr\u00fcn\u00fc h\u0259sr etmi\u015f Ulu \u00d6nd\u0259r Heyd\u0259r \u018fliyev \u00f6z\u00fcn\u00fcn siyasi bacar\u0131\u011f\u0131 v\u0259 m\u00fcdrikliyi il\u0259 z\u0259ngin d\u00f6vl\u0259t\u00e7ilik m\u0259kt\u0259bi, y\u00fcks\u0259k idar\u0259\u00e7ilik \u0259n\u0259n\u0259si yaratd\u0131 v\u0259 \u00dcmummilli Lider zirv\u0259sin\u0259 y\u00fcks\u0259ldi.<\/p>\n<p>Ulu \u00d6nd\u0259rin 1993-c\u00fc ild\u0259 hakimiyy\u0259t\u0259 qay\u0131daraq \u00f6lk\u0259nin par\u00e7alanmas\u0131n\u0131n qar\u015f\u0131s\u0131n\u0131 almas\u0131, ba\u015f ver\u0259n siyasi h\u0259rc-m\u0259rcliy\u0259 son qoymas\u0131 il\u0259 \u00f6lk\u0259miz inki\u015faf yoluna q\u0259d\u0259m qoydu. Bu u\u011furlu siyas\u0259tin layiqli davam\u00e7\u0131s\u0131 olan \u0130lham \u018fliyevin ba\u015f\u00e7\u0131l\u0131\u011f\u0131 alt\u0131nda d\u00f6vl\u0259timiz t\u0259kc\u0259 \u00f6n c\u0259bh\u0259d\u0259 deyil, h\u0259m\u00e7inin informasiya c\u0259bh\u0259sind\u0259, diplomatiyada da davaml\u0131 u\u011furlar qazan\u0131b.<\/p>\n<p>\u0130lk d\u0259f\u0259 2003-c\u00fc ild\u0259 prezidentliy\u0259 Yeni Az\u0259rbaycan Partiyas\u0131 (YAP) t\u0259r\u0259find\u0259n namiz\u0259dliyi ir\u0259li s\u00fcr\u00fcl\u0259n \u0130lham \u018fliyev se\u00e7icil\u0259rin 76 faizind\u0259n \u00e7oxunun s\u0259sini toplay\u0131b. Prezidentlik d\u00f6vr\u00fcnd\u0259 \u0130lham \u018fliyev says\u0131z-hesabs\u0131z nailiyy\u0259tl\u0259r\u0259 imza at\u0131b. Bu nailiyy\u0259tl\u0259r siyasi, diplomatik, iqtisadi, h\u0259rbi, sosial, m\u0259d\u0259ni, idman sah\u0259l\u0259ri d\u0259 daxil olmaqla, h\u0259yat\u0131n h\u0259r bir sah\u0259sind\u0259 \u00f6z\u00fcn\u00fc parlaq \u015f\u0259kild\u0259 t\u0259zah\u00fcr etdirir. S\u00f6z\u00fcged\u0259n nailiyy\u0259tl\u0259r s\u0131ras\u0131nda \u00f6lk\u0259mizd\u0259 qa\u00e7q\u0131n v\u0259 m\u0259cburi k\u00f6\u00e7k\u00fcnl\u0259r\u0259 30 il\u0259 yax\u0131n bir d\u00f6vr \u0259rzind\u0259 g\u00f6st\u0259ril\u0259n qay\u011f\u0131 x\u00fcsusi qeyd edilm\u0259lidir.<\/p>\n<p>M\u0259d\u0259niyy\u0259tl\u0259raras\u0131 dialoq h\u0259r zaman Prezident \u0130lham \u018fliyevin m\u0259d\u0259niyy\u0259t siyas\u0259tind\u0259 prioritet sah\u0259l\u0259rd\u0259n biri olub. M\u0259hz onun t\u0259\u015f\u0259bb\u00fcs\u00fc il\u0259 2011-ci ild\u0259n ba\u015flayaraq 2017-ci il\u0259 q\u0259d\u0259r Bak\u0131da d\u00f6rd d\u0259f\u0259 \u00dcmumd\u00fcnya M\u0259d\u0259niyy\u0259tl\u0259raras\u0131 Dialoq Forumu ke\u00e7irilib. 5 iyun 2014-c\u00fc ild\u0259 Prezident \u018fliyev Bak\u0131 Beyn\u0259lxalq Multikulturalizm M\u0259rk\u0259zinin yarad\u0131lmas\u0131 haqq\u0131nda F\u0259rman imzalad\u0131.<\/p>\n<p>11 yanvar 2016-c\u0131 ild\u0259 imzalad\u0131\u011f\u0131 S\u0259r\u0259ncamla 2016-c\u0131 ili Az\u0259rbaycan Respublikas\u0131nda &#8220;Multikulturalizm ili&#8221; elan etdi. \u0130lham \u018fliyev tolerantl\u0131q v\u0259 multikulturalizmi Az\u0259rbaycanda d\u00f6vl\u0259t siyas\u0259ti v\u0259 h\u0259yat t\u0259rzi kimi xarakteriz\u0259 edib.<\/p>\n<p>Prezident \u0130lham \u018fliyev 5 may 2004-c\u00fc ild\u0259 &#8220;Az\u0259rbaycan Milli Ensiklopediyas\u0131&#8221; Elmi M\u0259rk\u0259zinin yarad\u0131lmas\u0131 haqq\u0131nda S\u0259r\u0259ncam imzalad\u0131. T\u0259qrib\u0259n d\u00f6rd il sonra &#8211; 10 aprel 2008-ci ild\u0259 o, Az\u0259rbaycan elmind\u0259 islahatlar\u0131n apar\u0131lmas\u0131 il\u0259 ba\u011fl\u0131 D\u00f6vl\u0259t Komissiyas\u0131n\u0131n yarad\u0131lmas\u0131 haqq\u0131nda ba\u015fqa bir S\u0259r\u0259ncam imzalad\u0131. 21 oktyabr 2009-cu ild\u0259 imzalanan S\u0259r\u0259ncamla is\u0259 Az\u0259rbaycan Respublikas\u0131n\u0131n Prezidenti yan\u0131nda Elmin \u0130nki\u015faf\u0131 Fondu yarad\u0131ld\u0131. 8 noyabr 2016-c\u0131 ild\u0259 Prezident \u018fliyev Az\u0259rbaycan Milli Elml\u0259r Akademiyas\u0131 (AMEA) Y\u00fcks\u0259k Texnologiyalar Park\u0131n\u0131n yarad\u0131lmas\u0131 haqq\u0131nda ba\u015fqa bir S\u0259r\u0259ncam imzalad\u0131.<\/p>\n<p>\u0130lham \u018fliyev 19 oktyabr 2006-c\u0131 ild\u0259 Az\u0259rbaycan g\u0259ncl\u0259rinin xarici \u00f6lk\u0259l\u0259rd\u0259 t\u0259hsil almas\u0131na dair D\u00f6vl\u0259t Proqram\u0131 haqq\u0131nda S\u0259r\u0259ncam imzalad\u0131 v\u0259 h\u0259min S\u0259r\u0259ncamla m\u00fcvafiq icra hakimiyy\u0259ti orqanlar\u0131na Az\u0259rbaycan g\u0259ncl\u0259rinin xarici \u00f6lk\u0259l\u0259rd\u0259 t\u0259hsil almalar\u0131na dair D\u00f6vl\u0259t Proqram\u0131n\u0131 haz\u0131rlama\u011f\u0131 tap\u015f\u0131rd\u0131. Buna uy\u011fun olaraq o, 16 aprel 2007-ci ild\u0259 2007\u20132015-ci ill\u0259rd\u0259 Az\u0259rbaycan g\u0259ncl\u0259rinin xarici \u00f6lk\u0259l\u0259rd\u0259 t\u0259hsili \u00fczr\u0259 D\u00f6vl\u0259t Proqram\u0131n\u0131 t\u0259sdiq etdi. 9 fevral 2007-ci ild\u0259 prezident \u0130lham \u018fliyev q\u0259bul etdiyi ba\u015fqa bir S\u0259r\u0259ncamla 2007-ci ili &#8220;G\u0259ncl\u0259r ili&#8221; elan etdi. 2007-ci ild\u0259 Az\u0259rbaycan Heyd\u0259r \u018fliyev Fondu, Dialoq v\u0259 \u018fm\u0259kda\u015fl\u0131q u\u011frunda \u0130slam Konfrans\u0131 T\u0259\u015fkilat\u0131n\u0131n G\u0259ncl\u0259r Forumu, BMT-nin \u0130nki\u015faf Proqram\u0131, \u0130SESCO v\u0259 Avropa \u015euras\u0131 il\u0259 birg\u0259 t\u0259\u015fkil edilmi\u015f &#8220;G\u0259ncl\u0259r Sivilizasiyalar\u0131n Alyans\u0131 u\u011frunda&#8221; beyn\u0259lxalq konfrans\u0131na ev sahibliyi etdi. 19 dekabr 2011-ci ild\u0259 \u0130lham \u018fliyev g\u0259ncl\u0259rin c\u0259miyy\u0259tin h\u0259yat\u0131nda f\u0259al i\u015ftirak\u0131n\u0131 t\u0259min etm\u0259k m\u0259qs\u0259di il\u0259 &#8220;Az\u0259rbaycan Respublikas\u0131n\u0131n Prezidenti yan\u0131nda G\u0259ncl\u0259r Fondunun yarad\u0131lmas\u0131 haqq\u0131nda&#8221; F\u0259rman imzalad\u0131. 15 sentyabr 2017-ci ild\u0259 is\u0259 o, &#8220;Az\u0259rbaycan g\u0259ncliyi 2017\u20132021-ci ill\u0259rd\u0259&#8221; D\u00f6vl\u0259t Proqram\u0131&#8221;n\u0131 t\u0259sdiq etdi.<\/p>\n<p>\u0130lham \u018fliyevin 2012-ci il 29 dekabr tarixli F\u0259rman\u0131 il\u0259 t\u0259sdiq edilmi\u015f &#8220;Az\u0259rbaycan 2020: G\u0259l\u0259c\u0259y\u0259 Bax\u0131\u015f&#8221; \u0130nki\u015faf Konsepsiyasinda \u0259haliy\u0259 g\u00f6st\u0259ril\u0259n s\u0259hiyy\u0259 xidm\u0259tl\u0259rinin y\u00fcks\u0259k keyfiyy\u0259tini qoruyub saxlamaq \u0259sas prioritetl\u0259rd\u0259n biri kimi m\u00fc\u0259yy\u0259n olundu. 1 yanvar 2020-ci ild\u0259n icbari tibbi s\u0131\u011fortan\u0131n \u00f6lk\u0259 \u00fczr\u0259 m\u0259rh\u0259l\u0259li t\u0259tbiqin\u0259 ba\u015flan\u0131l\u0131b.1 aprel 2021-ci il tarixind\u0259n bu g\u00fcn\u0259d\u0259k icbari tibbi s\u0131\u011forta sistemi b\u00fct\u00fcn \u00f6lk\u0259 \u0259razisini \u0259hat\u0259 edir.<\/p>\n<p>\u0130lham \u018fliyevin iqtisadi siyas\u0259ti n\u0259tic\u0259sind\u0259 2003\u20132016-c\u0131 ill\u0259r aras\u0131nda Az\u0259rbaycan\u0131n \u00dcmumi Daxili M\u0259hsulu (\u00dcDM) 5 d\u0259f\u0259d\u0259n \u00e7ox artd\u0131. Bel\u0259 ki, D\u00fcnya Bank\u0131n\u0131n statistikalar\u0131na \u0259sas\u0259n \u0130lham \u018fliyev 2003-c\u00fc ild\u0259 ilk d\u0259f\u0259 Prezident se\u00e7il\u0259rk\u0259n Az\u0259rbaycan\u0131n \u00dcDM-i 7,276 milyard AB\u015e dollar\u0131 idis\u0259, 2016-c\u0131 ild\u0259 bu g\u00f6st\u0259rici 37,848 milyard AB\u015e dollar\u0131 olub.<\/p>\n<p>2012-ci ilin iyununda \u0130lham \u018fliyevl\u0259 T\u00fcrkiy\u0259 Respublikas\u0131n\u0131n ba\u015f naziri R\u0259c\u0259b Tayyib \u018frdo\u011fan TANAP layih\u0259sinin realla\u015fd\u0131r\u0131lmas\u0131na dair h\u00f6kum\u0259tl\u0259raras\u0131 m\u00fcqavil\u0259 imzalad\u0131lar. TANAP layih\u0259sinin t\u0259m\u0259li 17 mart 2015-ci ild\u0259 \u0130lham \u018fliyev, T\u00fcrkiy\u0259 Prezidenti R\u0259c\u0259b Tayyib \u018frdo\u011fan v\u0259 G\u00fcrc\u00fcstan Prezidenti Giorgi Marqvela\u015fvili t\u0259r\u0259find\u0259n Qarsda at\u0131ld\u0131. 2013-c\u00fc ilin yanvar\u0131nda Bak\u0131da \u0130lham \u018fliyev v\u0259 Avropa Komissiyas\u0131n\u0131n Prezidenti Jose Manuel Barroso Az\u0259rbaycan qaz\u0131n\u0131n Avropaya da\u015f\u0131nmas\u0131 haqq\u0131nda birg\u0259 B\u0259yannam\u0259 imzalad\u0131lar. 30 oktyabr 2017-ci ild\u0259 Bak\u0131-Tbilisi-Qars d\u0259mir yolunun a\u00e7\u0131l\u0131\u015f m\u0259rasimi ke\u00e7irildi. 2019-cu ilin aprel ay\u0131nda &#8220;C\u0259nub Qaz D\u0259hlizi&#8221; layih\u0259sinin bir hiss\u0259si olan Trans-Anadolu qaz k\u0259m\u0259rinin (TANAP) 1-ci m\u0259rh\u0259l\u0259si \u00e7\u0259r\u00e7iv\u0259sind\u0259 s\u0131naq qaz t\u0259dar\u00fck\u00fc ba\u015fland\u0131.<\/p>\n<p>D\u00fcnya Bank\u0131, D\u00fcnya \u0130qtisadi Forumu 2018-ci ilin m\u0259lumat\u0131na \u0259sas\u0259n Az\u0259rbaycan Respunlikas\u0131nda \u0130nkl\u00fcziv \u0130nk\u015faf \u0130ndeksi 4,69-a b\u0259rab\u0259r olub. M\u00fcqayis\u0259 \u00fc\u00e7\u00fcn qeyd ed\u0259k ki, Qazax\u0131stan v\u0259 Rusiya Federasiyas\u0131nda \u0130nk\u00fcliziv \u0130nk\u015faf \u0130ndeksl\u0259ri uy\u011fun olaraq 4,26 v\u0259 4,20-y\u0259 b\u0259rab\u0259rdir. Az\u0259rbaycan Respublikas\u0131ndak\u0131 adamba\u015f\u0131na \u00fcmumdaxili m\u0259hsul g\u00f6st\u0259ricisi Qazax\u0131stan v\u0259 Rusiyadan a\u015fa\u011f\u0131d\u0131r. Bu bir daha g\u00f6st\u0259rir ki, \u0130nk\u00fcliziv \u0130nki\u015faf \u0130ndeksi sah\u0259sind\u0259 olan n\u0259tic\u0259l\u0259r daha \u00e7ox bu sah\u0259nin optimal idar\u0259etm\u0259si il\u0259 \u0259laq\u0259dard\u0131r. El\u0259 h\u0259min hesabata \u0259sas\u0259n Az\u0259rbaycanda \u0130nsan \u0130nki\u015faf\u0131 \u0130ndeksi 2000-ci ild\u0259 0,642 idis\u0259, 2016-c\u0131 ild\u0259 0,761 olmu\u015fdur. Bu y\u00fcks\u0259li\u015f\u0259 s\u0259b\u0259b \u00f6lk\u0259d\u0259 idman v\u0259 tibb bazas\u0131n\u0131n g\u00fccl\u0259ndirilm\u0259sidir. \u00d6lk\u0259mizd\u0259 50 olimpiya m\u0259rk\u0259zi, onlarla tibb m\u0259rk\u0259zi yarad\u0131l\u0131b.<\/p>\n<p>2020-ci ild\u0259 b\u00fct\u00fcn d\u00fcnyada koronavirus (COVID-19) infeksiyas\u0131n\u0131n \u0259hat\u0259 dair\u0259sinin v\u0259 co\u011frafiyas\u0131n\u0131n geni\u015fl\u0259nm\u0259si m\u00fc\u015fahid\u0259 olunurdu. Yeni infeksiyan\u0131n, eyni zamanda, qlobal iqtisadiyyata, beyn\u0259lxalq maliyy\u0259 v\u0259 \u0259mt\u0259\u0259 bazarlar\u0131na, o c\u00fcml\u0259d\u0259n neftin qiym\u0259tin\u0259 m\u0259nfi t\u0259sirl\u0259ri d\u0259 artmaqda idi.<\/p>\n<p>\u00d6lk\u0259mizd\u0259 koronavirus x\u0259st\u0259liyinin yay\u0131lmas\u0131n\u0131n qar\u015f\u0131s\u0131n\u0131 almaq m\u0259qs\u0259dil\u0259 ticar\u0259t, turizm, ictimai ia\u015f\u0259 v\u0259 s. sah\u0259l\u0259rd\u0259 x\u00fcsusi i\u015f rejiml\u0259ri t\u0259tbiq olunmu\u015f v\u0259 \u0259halinin sosial t\u0259crid olunmas\u0131 t\u0259min edilmi\u015fdir. Az\u0259rbaycan d\u00f6vl\u0259ti iqtisadiyyatda ba\u015f ver\u0259 bil\u0259c\u0259k neqativ tendensiyalar\u0131 layiqli qar\u015f\u0131lamaq \u00fc\u00e7\u00fcn z\u0259ruri iqtisadi v\u0259 maliyy\u0259 imkanlardan istifad\u0259 ed\u0259r\u0259k \u0259n \u00e7\u0259tin vaxtlarda bel\u0259 xalq\u0131n rifah\u0131n\u0131n qorunmas\u0131na v\u0259 \u00f6z\u0259l sektorun inki\u015faf\u0131na \u00f6z d\u0259st\u0259yini g\u00f6st\u0259rib.<\/p>\n<p>27 sentyabr &#8211; 10 noyabr 2020 tarixl\u0259ri aras\u0131nda Qaraba\u011fdak\u0131 44 g\u00fcnl\u00fck V\u0259t\u0259n m\u00fcharib\u0259sind\u0259 i\u015f\u011fal edil\u0259n torpaqlar\u0131m\u0131z\u0131n d\u00fc\u015fm\u0259nd\u0259n azad edilm\u0259sind\u0259 Az\u0259rbaycan Prezidenti \u0130lham \u018fliyev, d\u00f6vl\u0259tin Ali Ba\u015f Komandan\u0131 kimi s\u00fcr\u0259tli v\u0259 effektiv bir \u015f\u0259kild\u0259 t\u0259limatlar verib, operativ q\u0259rarlar q\u0259bul edib. Az\u0259rbaycan Ordusu Prezidentin r\u0259hb\u0259rliyi alt\u0131nda u\u011furlu h\u0259rbi \u0259m\u0259liyyatlar n\u0259tic\u0259sind\u0259 i\u015f\u011fal olunmu\u015f \u0259razil\u0259ri ya\u011f\u0131 d\u00fc\u015fm\u0259nd\u0259n azad etdi. H\u0259r bir k\u0259ndimizin, q\u0259s\u0259b\u0259mizin, \u015f\u0259h\u0259rimizin d\u00fc\u015fm\u0259nd\u0259n azad edilm\u0259si x\u0259b\u0259rinin Ali Ba\u015f Komandan t\u0259r\u0259find\u0259n xalqa \u00e7atd\u0131r\u0131lmas\u0131 ham\u0131da b\u00f6y\u00fck sevinc v\u0259 milli q\u00fcrur hissini oyatd\u0131. Ata-baba yurdum Qubadl\u0131n\u0131n azad olunmas\u0131n\u0131 e\u015fid\u0259nd\u0259 sevincimin h\u0259ddi-h\u00fcdudu yox idi. Torpaqlar\u0131m\u0131z\u0131n azad edilm\u0259sind\u0259nd\u0259 can\u0131ndan ke\u00e7\u0259n \u015f\u0259hidl\u0259rimizin ruhlar\u0131 \u015fad olsun. Sa\u011flaml\u0131qlar\u0131n\u0131 V\u0259t\u0259ni u\u011frunda f\u0259da ed\u0259n qazil\u0259rimiz\u0259 \u015f\u0259falar dil\u0259yir\u0259m.<\/p>\n<p>2020-ci il noyabr\u0131n 8-i Az\u0259rbaycan tarixin\u0259 q\u0131z\u0131l h\u0259rfl\u0259rl\u0259 Z\u0259f\u0259r G\u00fcn\u00fc kimi yaz\u0131ld\u0131. Prezident \u0130lham \u018fliyev xalqa sayca yeddinci m\u00fcraci\u0259tini \u015e\u0259hidl\u0259r Xiyaban\u0131ndan ed\u0259r\u0259k, \u015eu\u015fa \u015f\u0259h\u0259rinin i\u015f\u011faldan azad olunmas\u0131n\u0131 Az\u0259rbaycan xalq\u0131na, b\u00fct\u00fcn d\u00fcnya az\u0259rbaycanl\u0131lar\u0131na elan etdi: \u201cM\u0259n bu g\u00fcn eyni zamanda, Ulu \u00d6nd\u0259r Heyd\u0259r \u018fliyevin m\u0259zar\u0131n\u0131 ziyar\u0259t etdim, onun ruhu qar\u015f\u0131s\u0131nda ba\u015f \u0259ydim. \u00dcr\u0259yimd\u0259 dedim, xo\u015fb\u0259xt adamam ki, ata v\u0259siyy\u0259tini yerin\u0259 yetirdim. \u015eu\u015fan\u0131 azad etdik! Bu, b\u00f6y\u00fck Q\u0259l\u0259b\u0259dir! \u015e\u0259hidl\u0259rimizin, Ulu \u00d6nd\u0259rin ruhu \u015fadd\u0131r bu g\u00fcn! G\u00f6z\u00fcn ayd\u0131n olsun Az\u0259rbaycan! G\u00f6z\u00fcn\u00fcz ayd\u0131n olsun d\u00fcnya az\u0259rbaycanl\u0131lar\u0131! \u2026Bu g\u00fcn Az\u0259rbaycan xalq\u0131 bu yumruq kimi birl\u0259\u015fib! H\u0259mi\u015f\u0259 bel\u0259 olacaq! Bu birlik \u0259b\u0259di olacaq! Bu birlik biz\u0259 g\u0259l\u0259c\u0259kd\u0259 d\u0259 b\u00fct\u00fcn v\u0259zif\u0259l\u0259ri icra etm\u0259k \u00fc\u00e7\u00fcn imkan yaradacaq\u2026 \u018fziz \u015eu\u015fa, s\u0259n azadsan! \u018fziz \u015eu\u015fa, biz qay\u0131tm\u0131\u015f\u0131q! \u018fziz \u015eu\u015fa, biz s\u0259ni dir\u00e7\u0259ld\u0259c\u0259yik!\u201d.<\/p>\n<p>Noyabr\u0131n 10-da Az\u0259rbaycan Prezidenti \u0130lham \u018fliyev, Erm\u0259nistan\u0131n Ba\u015f naziri Nikol Pa\u015finyan v\u0259 Rusiya Prezidenti Vladimir Putin m\u00fcnaqi\u015f\u0259 zonas\u0131nda at\u0259\u015fin v\u0259 b\u00fct\u00fcn h\u0259rbi \u0259m\u0259liyyatlar\u0131n tam dayand\u0131r\u0131lmas\u0131 bar\u0259d\u0259 b\u0259yanat imzalay\u0131blar. Bununla da Erm\u0259nistan-Az\u0259rbaycan Da\u011fl\u0131q Qaraba\u011f m\u00fcnaqi\u015f\u0259sin\u0259 son qoyulub. B\u0259yanata \u0259sas\u0259n, A\u011fdam, K\u0259lb\u0259c\u0259r v\u0259 La\u00e7\u0131n rayonlar\u0131 s\u00fclh yolu il\u0259 Az\u0259rbaycana qaytar\u0131l\u0131b.<\/p>\n<p>19-20 sentyabr 2023-c\u00fc ild\u0259 Az\u0259rbaycan ordusunun ke\u00e7irdiyi lokal xarakterli antiterror \u0259m\u0259liyyat\u0131n\u0131n n\u0259tic\u0259sind\u0259 29 sentyabrdan Az\u0259rbaycan polisi Xank\u0259ndi \u015f\u0259h\u0259rin\u0259 n\u0259zar\u0259ti b\u0259rpa etmi\u015fdir. 15 oktyabr 2023-c\u00fc ild\u0259 Az\u0259rbaycan prezidenti \u0130lham \u018fliyev Xank\u0259ndi \u015f\u0259h\u0259rind\u0259 Az\u0259rbaycan Respublikas\u0131n\u0131n D\u00f6vl\u0259t Bayra\u011f\u0131n\u0131 qald\u0131rm\u0131\u015fd\u0131r. 8 noyabr 2023-c\u00fc ild\u0259 \u015f\u0259h\u0259rd\u0259 \u0130kinci Qaraba\u011f m\u00fcharib\u0259sind\u0259 \u0259ld\u0259 olunmu\u015f q\u0259l\u0259b\u0259y\u0259 h\u0259sr olunmu\u015f t\u0259nt\u0259n\u0259li h\u0259rbi parad ke\u00e7irildi.<\/p>\n<p>Baxmayaraq ki, bizim haql\u0131 m\u00fcbariz\u0259miz\u0259 qar\u015f\u0131 \u00e7\u0131xan, beyn\u0259lxalq h\u00fcquq normalar\u0131n\u0131 kobudcas\u0131na pozan \u00f6lk\u0259l\u0259r oldu, amma d\u00f6vl\u0259timiz \u00f6z g\u00fcc\u00fcn\u0259 \u0259dal\u0259ti b\u0259rpa etdi. \u018frazi b\u00fct\u00f6vl\u00fcy\u00fcm\u00fcz, suverenliyimiz tamamil\u0259 b\u0259rq\u0259rar oldu. Haqq sava\u015f\u0131nda d\u00f6vl\u0259t ba\u015f\u00e7\u0131m\u0131z b\u00fct\u00fcn d\u00fcnyaya h\u0259rb m\u0259d\u0259niyy\u0259tini n\u00fcmayi\u015f etdirdi. D\u00fc\u015fm\u0259n n\u0259 q\u0259d\u0259r m\u0259cburiyy\u0259t qar\u015f\u0131s\u0131nda qoysa da, Az\u0259rbaycan t\u0259r\u0259find\u0259n dinc \u0259haliy\u0259 qar\u015f\u0131 h\u0259rbi \u0259m\u0259liyyatlar apar\u0131lmad\u0131. 30 ild\u0259n art\u0131q d\u00fc\u015fm\u0259n tapda\u011f\u0131 alt\u0131nda qalm\u0131\u015f torpaqlar\u0131m\u0131z separat\u00e7\u0131 q\u00fcvv\u0259l\u0259rd\u0259n t\u0259mizl\u0259ndi. Haz\u0131rda da \u0259razil\u0259rimizd\u0259 yenid\u0259n qurma i\u015fl\u0259ri davam etdirilir.<\/p>\n<p>Bir t\u0259hsil i\u015f\u00e7isi kimi \u00f6lk\u0259mizd\u0259 t\u0259hsil\u0259 olan diqq\u0259t v\u0259 qay\u011f\u0131n\u0131 x\u00fcsusi qeyd etm\u0259k ist\u0259rdim. 2022-2023-c\u00fc t\u0259dris ili \u00fc\u00e7\u00fcn \u201cG\u0259ncl\u0259rin xarici \u00f6lk\u0259l\u0259rin n\u00fcfuzlu ali t\u0259hsil m\u00fc\u0259ssis\u0259l\u0259rind\u0259 t\u0259hsil almalar\u0131na dair 2022-2026-c\u0131 ill\u0259r \u00fc\u00e7\u00fcn D\u00f6vl\u0259t Proqram\u0131\u201dn\u0131n prioritet ixtisas sah\u0259l\u0259ri v\u0259 n\u00fcfuzlu xarici ali t\u0259hsil m\u00fc\u0259ssis\u0259l\u0259ri \u00fczr\u0259 t\u0259hsil proqramlar\u0131n\u0131n siyah\u0131s\u0131\u201d haz\u0131rlan\u0131b. Siyah\u0131 haz\u0131rlanark\u0259n t\u0259hsil m\u00fc\u0259ssis\u0259l\u0259rinin \u201cTimes Higher Education (THE) World University Rankings\u201d v\u0259 \u201cAcademic Ranking of World Universities (Shanghai)\u201d beyn\u0259lxalq reytinql\u0259rind\u0259ki s\u0131ralamalar\u0131, h\u0259m\u00e7inin \u201c2007\u20132015-ci ill\u0259rd\u0259 Az\u0259rbaycan g\u0259ncl\u0259rinin xarici \u00f6lk\u0259l\u0259rd\u0259 t\u0259hsili \u00fczr\u0259 D\u00f6vl\u0259t Proqram\u0131\u201d \u00e7\u0259r\u00e7iv\u0259sind\u0259 t\u0259hsil t\u0259cr\u00fcb\u0259si \u0259sas hesab olunub. Bununla da D\u00f6vl\u0259t Proqram\u0131n\u0131n 15 prioritet ixtisas uy\u011fun t\u0259hsil m\u00fc\u0259ssis\u0259l\u0259rind\u0259 bakalavriat v\u0259 \u0259sas etibar\u0131 il\u0259 magistratura s\u0259viyy\u0259l\u0259rind\u0259 Az\u0259rbaycan g\u0259ncl\u0259rinin t\u0259hsili \u00fc\u00e7\u00fcn imkan yarad\u0131l\u0131b. Bu da \u00f6z n\u00f6vb\u0259sind\u0259 m\u00fcasir v\u0259 g\u0259l\u0259c\u0259k \u0259m\u0259k bazar\u0131n\u0131n t\u0259l\u0259bl\u0259rin\u0259 cavab ver\u0259n r\u0259qab\u0259tqabiliyy\u0259tli v\u0259 y\u00fcks\u0259kixtisasl\u0131 pe\u015f\u0259kar kadrlar\u0131n haz\u0131rlanmas\u0131na t\u00f6hf\u0259 ver\u0259c\u0259k.<\/p>\n<p><b><em>Qeyd ed\u0259k ki,<\/em> Prezident \u0130lham \u018fliyev dekabr\u0131n 7-d\u0259 Az\u0259rbaycanda n\u00f6vb\u0259d\u0259nk\u0259nar prezident se\u00e7kil\u0259ri elan edilm\u0259si bar\u0259d\u0259 S\u0259r\u0259ncam imzalay\u0131b. Prezident \u0130lham \u018fliyev n\u00f6vb\u0259d\u0259nk\u0259nar prezident se\u00e7kisinin ke\u00e7irilm\u0259 s\u0259b\u0259bl\u0259ri il\u0259 ba\u011fl\u0131 q\u0259rar\u0131n\u0131 bel\u0259 izah edib: suverenliyin b\u0259rpas\u0131, ilk d\u0259f\u0259 \u00f6lk\u0259nin h\u0259r yerind\u0259 se\u00e7ki ke\u00e7irilm\u0259si imkan\u0131 v\u0259 \u00f6t\u0259n il prezident kimi onun f\u0259aliyy\u0259tinin 20 ilinin tamam olmas\u0131.<\/b><\/p>\n<p><strong><span style=\"color: #ff0000;\">M\u0259n qar\u015f\u0131dan g\u0259l\u0259n se\u00e7kil\u0259rd\u0259 Qalib Xalq\u0131n Qalib Lideri \u0130lham \u018fliyev\u0259 qalibiyy\u0259t arzulay\u0131ram! Z\u0259f\u0259riniz daimi olsun, c\u0259nab Ali Ba\u015f Komandan, c\u0259nab Prezident!<\/span><\/strong><\/p>\n<p><img fetchpriority=\"high\" decoding=\"async\" class=\"alignnone size-medium wp-image-1964\" src=\"https:\/\/ziya.info.az\/wp-content\/uploads\/2024\/02\/Hilale-Ceferova-01-230x300.jpg\" alt=\"\" width=\"230\" height=\"300\" srcset=\"https:\/\/ziya.info.az\/wp-content\/uploads\/2024\/02\/Hilale-Ceferova-01-230x300.jpg 230w, https:\/\/ziya.info.az\/wp-content\/uploads\/2024\/02\/Hilale-Ceferova-01.jpg 272w\" sizes=\"(max-width: 230px) 100vw, 230px\" \/><\/p>\n<p><strong><span style=\"color: #3366ff;\">Hilal\u0259 C\u018fF\u018fROVA,<\/span><\/strong><br \/>\n<strong><span style=\"color: #3366ff;\"><i>Az\u0259rbaycan D\u00f6vl\u0259t \u0130qtisad Universitetinin (UNEC)<br \/>\n\u201cR\u0259q\u0259msal texnologiyalar v\u0259 t\u0259tbiqi informatika\u201d<br \/>\nkafedras\u0131n\u0131n dosenti<\/i><\/span><\/strong><\/p>\n<p><strong><span style=\"color: #3366ff;\">ZiM.Az<\/span><\/strong><\/p>\n<p>.<\/p>\n<p>&nbsp;<\/p>\n","protected":false},"excerpt":{"rendered":"<p>Az\u0259rbaycan xalq\u0131 q\u0259dim v\u0259 z\u0259ngin d\u00f6vl\u0259t\u00e7ilik tarixin\u0259 malikdir. Baxmayaraq ki, q\u0259dim v\u0259 t\u0259bii s\u0259rv\u0259tl\u0259rl\u0259 z\u0259ngin&#8230;<\/p>\n","protected":false},"author":2,"featured_media":1962,"comment_status":"open","ping_status":"open","sticky":false,"template":"","format":"standard","meta":{"footnotes":""},"categories":[102,54,98,17],"tags":[],"class_list":["post-1961","post","type-post","status-publish","format-standard","has-post-thumbnail","hentry","category-ziya-qzeti","category-digr-ali-mktblr","category-kos-yazilar","category-xbrlr"],"featured_image_urls":{"full":["https:\/\/ziya.info.az\/wp-content\/uploads\/2024\/02\/Prezident-Ilham-Eliyev-001.jpg",528,313,false],"thumbnail":["https:\/\/ziya.info.az\/wp-content\/uploads\/2024\/02\/Prezident-Ilham-Eliyev-001-150x150.jpg",150,150,true],"medium":["https:\/\/ziya.info.az\/wp-content\/uploads\/2024\/02\/Prezident-Ilham-Eliyev-001-300x178.jpg",300,178,true],"medium_large":["https:\/\/ziya.info.az\/wp-content\/uploads\/2024\/02\/Prezident-Ilham-Eliyev-001.jpg",528,313,false],"large":["https:\/\/ziya.info.az\/wp-content\/uploads\/2024\/02\/Prezident-Ilham-Eliyev-001.jpg",528,313,false],"1536x1536":["https:\/\/ziya.info.az\/wp-content\/uploads\/2024\/02\/Prezident-Ilham-Eliyev-001.jpg",528,313,false],"2048x2048":["https:\/\/ziya.info.az\/wp-content\/uploads\/2024\/02\/Prezident-Ilham-Eliyev-001.jpg",528,313,false],"newsphere-slider-full":["https:\/\/ziya.info.az\/wp-content\/uploads\/2024\/02\/Prezident-Ilham-Eliyev-001.jpg",528,313,false],"newsphere-featured":["https:\/\/ziya.info.az\/wp-content\/uploads\/2024\/02\/Prezident-Ilham-Eliyev-001.jpg",528,313,false],"newsphere-medium":["https:\/\/ziya.info.az\/wp-content\/uploads\/2024\/02\/Prezident-Ilham-Eliyev-001.jpg",528,313,false]},"author_info":{"display_name":"Z\u0130YA.\u0130NFO.AZ","author_link":"https:\/\/ziya.info.az\/author\/admin"},"category_info":"<a href=\"https:\/\/ziya.info.az\/?cat=102\" rel=\"category\">\"Z\u0130YA\" q\u0259zeti<\/a> <a href=\"https:\/\/ziya.info.az\/?cat=54\" rel=\"category\">Dig\u0259r Ali m\u0259kt\u0259bl\u0259r<\/a> <a href=\"https:\/\/ziya.info.az\/?cat=98\" rel=\"category\">K\u00d6\u015e\u018f YAZILAR<\/a> <a href=\"https:\/\/ziya.info.az\/?cat=17\" rel=\"category\">X\u018fB\u018fRL\u018fR<\/a>","tag_info":"X\u018fB\u018fRL\u018fR","comment_count":"0","_links":{"self":[{"href":"https:\/\/ziya.info.az\/index.php?rest_route=\/wp\/v2\/posts\/1961","targetHints":{"allow":["GET"]}}],"collection":[{"href":"https:\/\/ziya.info.az\/index.php?rest_route=\/wp\/v2\/posts"}],"about":[{"href":"https:\/\/ziya.info.az\/index.php?rest_route=\/wp\/v2\/types\/post"}],"author":[{"embeddable":true,"href":"https:\/\/ziya.info.az\/index.php?rest_route=\/wp\/v2\/users\/2"}],"replies":[{"embeddable":true,"href":"https:\/\/ziya.info.az\/index.php?rest_route=%2Fwp%2Fv2%2Fcomments&post=1961"}],"version-history":[{"count":2,"href":"https:\/\/ziya.info.az\/index.php?rest_route=\/wp\/v2\/posts\/1961\/revisions"}],"predecessor-version":[{"id":1965,"href":"https:\/\/ziya.info.az\/index.php?rest_route=\/wp\/v2\/posts\/1961\/revisions\/1965"}],"wp:featuredmedia":[{"embeddable":true,"href":"https:\/\/ziya.info.az\/index.php?rest_route=\/wp\/v2\/media\/1962"}],"wp:attachment":[{"href":"https:\/\/ziya.info.az\/index.php?rest_route=%2Fwp%2Fv2%2Fmedia&parent=1961"}],"wp:term":[{"taxonomy":"category","embeddable":true,"href":"https:\/\/ziya.info.az\/index.php?rest_route=%2Fwp%2Fv2%2Fcategories&post=1961"},{"taxonomy":"post_tag","embeddable":true,"href":"https:\/\/ziya.info.az\/index.php?rest_route=%2Fwp%2Fv2%2Ftags&post=1961"}],"curies":[{"name":"wp","href":"https:\/\/api.w.org\/{rel}","templated":true}]}}