{"id":1890,"date":"2024-01-09T22:45:11","date_gmt":"2024-01-09T18:45:11","guid":{"rendered":"https:\/\/ziya.info.az\/?p=1890"},"modified":"2024-01-09T22:47:25","modified_gmt":"2024-01-09T18:47:25","slug":"amea-nin-muxbir-uzvu-eminaga-sadiqov-elm-v%c9%99-ali-t%c9%99hsil-uzr%c9%99-dovl%c9%99t-agentliyin%c9%99-direktor-muavini-t%c9%99yin-olunub","status":"publish","type":"post","link":"https:\/\/ziya.info.az\/?p=1890","title":{"rendered":"AMEA-n\u0131n m\u00fcxbir \u00fczv\u00fc \u018fmina\u011fa Sad\u0131qov Elm v\u0259 Ali T\u0259hsil \u00fczr\u0259 D\u00f6vl\u0259t Agentliyin\u0259 direktor m\u00fcavini t\u0259yin olunub"},"content":{"rendered":"<p><strong><span style=\"color: #ff0000;\">T\u018fBR\u0130K ED\u0130R\u0130K!..<\/span><\/strong><\/p>\n<p><strong><span style=\"color: #ff0000;\"><i>AMEA-n\u0131n m\u00fcxbir \u00fczv\u00fc, texnika elml\u0259ri doktoru, professor \u018fmina\u011fa Sad\u0131qov Elm v\u0259 T\u0259hsil Nazirliyi yan\u0131nda Elm v\u0259 Ali T\u0259hsil \u00fczr\u0259 D\u00f6vl\u0259t Agentliyinin direktor m\u00fcavini v\u0259zif\u0259sin\u0259 t\u0259yin olunub.<\/i><\/span><\/strong><\/p>\n<p><strong><span style=\"color: #ff0000;\"><i>ZiM.Az x\u0259b\u0259r verir ki,\u00a0<\/i>bu bar\u0259d\u0259 Elm v\u0259 t\u0259hsil naziri Emin \u018fmrullayev m\u00fcvafiq \u0259mr imzalay\u0131b.<\/span><\/strong><\/p>\n<p><i>Qeyd ed\u0259k ki,\u00a0<\/i>\u018fmina\u011fa Sad\u0131qov bundan \u00f6nc\u0259 Elm v\u0259 T\u0259hsil Nazirliyinin \u0130dar\u0259etm\u0259 Sisteml\u0259ri \u0130nstitutunun icra\u00e7\u0131 direktoru v\u0259zif\u0259sind\u0259 \u00e7al\u0131\u015f\u0131rd\u0131.<\/p>\n<p><b>* * *<\/b><\/p>\n<p><b>\u018fmina\u011fa B\u0259hm\u0259n o\u011flu Sad\u0131qov &#8211;<\/b>\u00a018 dekabr 1962-ci ild\u0259 Lerikd\u0259 anadan olmu\u015fdur.<br \/>\n1980-ci ild\u0259 Bak\u0131 \u015f\u0259h\u0259rind\u0259 1 sayl\u0131 respublika fizika-riyaziyyat t\u0259may\u00fcll\u00fc orta m\u0259kt\u0259bi bitir\u0259r\u0259k Dnepropetrovsk D\u00f6vl\u0259t Universitetinin T\u0259tbiqi-riyaziyyat fak\u00fclt\u0259sin\u0259 q\u0259bul olunmu\u015f, 1985-ci ild\u0259 ad\u0131 \u00e7\u0259kil\u0259n universiteti bitirmi\u015fdir.<br \/>\n\u018fm\u0259k f\u0259aliyy\u0259tin\u0259 1985-ci ild\u0259 AMEA-n\u0131n Riyaziyyat v\u0259 Mexanika \u0130nstitutunda ki\u00e7ik elmi i\u015f\u00e7i kimi ba\u015flam\u0131\u015fd\u0131r.<br \/>\n1988-ci ild\u0259n AMEA-n\u0131n R\u0259yas\u0259t Hey\u0259tind\u0259 elmi katib, ba\u015f m\u00fct\u0259x\u0259ssis v\u0259zif\u0259sind\u0259 \u00e7al\u0131\u015fm\u0131\u015fd\u0131r.<br \/>\n1992-ci ild\u0259 h\u0259min Universitetd\u0259 fizika-riyaziyyat elml\u0259ri namiz\u0259di alimlik d\u0259r\u0259c\u0259sini alm\u0131\u015fd\u0131r.<br \/>\n1998-ci ild\u0259 AMEA R\u0259yas\u0259t Hey\u0259ti Elmi-T\u0259\u015fkilat \u015e\u00f6b\u0259sinin r\u0259isi v\u0259zif\u0259sin\u0259 t\u0259yin olunmu\u015fdur.<br \/>\n2010-cu ild\u0259 dosent elmi ad\u0131n\u0131 alm\u0131\u015fd\u0131r.<br \/>\n2013-c\u00fc ild\u0259 AMEA R\u0259yas\u0259t Hey\u0259ti Elmi-T\u0259\u015fkilat \u0130dar\u0259sinin r\u0259isi t\u0259yin olunmu\u015fdur.<br \/>\n2013-c\u00fc ild\u0259 Az\u0259rbaycan Milli Elml\u0259r Akademiyas\u0131n\u0131n \u0130dar\u0259etm\u0259 Sisteml\u0259ri \u0130nstitutunda \u201cF\u00f6vq\u0259lad\u0259 hallarda idar\u0259etm\u0259 m\u0259s\u0259l\u0259l\u0259rinin h\u0259lli \u00fc\u00e7\u00fcn riyazi modell\u0259r v\u0259 informasiya texnologiyalar\u0131\u201d m\u00f6vzusunda doktorluq dissertasiyas\u0131n\u0131 m\u00fcdafi\u0259 etmi\u015f v\u0259 texnika elml\u0259ri doktoru alimlik d\u0259r\u0259c\u0259sini alm\u0131\u015fd\u0131r.<br \/>\n2015-ci ild\u0259n AMEA R\u0259yas\u0259t Hey\u0259ti aparat\u0131n\u0131n Elm v\u0259 T\u0259hsil Ba\u015f \u0130dar\u0259sinin r\u0259isi v\u0259zif\u0259l\u0259rind\u0259 i\u015fl\u0259mi\u015fdir.<br \/>\n2016-c\u0131 ild\u0259 professor elmi ad\u0131n\u0131 alm\u0131\u015fd\u0131r.<br \/>\n2 may 2017-ci ild\u0259 &#8220;Komp\u00fcter elml\u0259ri&#8221; ixtisas\u0131 \u00fczr\u0259 Az\u0259rbaycan Milli Elml\u0259r Akademiyas\u0131n\u0131n m\u00fcxbir \u00fczv\u00fc se\u00e7ilib.<br \/>\n1 may 2019-cu ild\u0259 Az\u0259rbaycan Milli Elml\u0259r Akademiyas\u0131n\u0131n akademik-katibi (vitse-prezidenti) v\u0259 AMEA R\u0259yas\u0259t Hey\u0259tinin \u00fczv\u00fc se\u00e7ilmi\u015fdir.<br \/>\n11 dekabr 2020-ci ild\u0259 AMEA-n\u0131n \u0130dar\u0259etm\u0259 Sisteml\u0259ri \u0130nstitutunun direktoru t\u0259yin edilmi\u015fdir.<br \/>\n28 iyul 2022-ci ild\u0259n is\u0259 Az\u0259rbaycan Respublikas\u0131 Elm v\u0259 T\u0259hsil Nazirliyi \u0130dar\u0259etm\u0259 Sisteml\u0259ri \u0130nstitutunun icra\u00e7\u0131 direktoru v\u0259zif\u0259sind\u0259 \u00e7al\u0131\u015f\u0131rd\u0131.<br \/>\nO, eyni zamanda, m\u00fcxt\u0259lif ill\u0259rd\u0259 Az\u0259rbaycan\u0131n apar\u0131c\u0131 universitetl\u0259rd\u0259 pedaqoji f\u0259aliyy\u0259t g\u00f6st\u0259rmi\u015fdir. \u018fqli m\u00fclkiyy\u0259t v\u0259 \u0130nnovasiya \u0130ctimai Birliyinin s\u0259dri, \u0130dar\u0259etm\u0259 Sisteml\u0259ri \u0130nstitutunda v\u0259 Respublikas\u0131 M\u00fcdafi\u0259 Nazirliyinin Milli M\u00fcdafi\u0259 Universitetind\u0259 f\u0259aliyy\u0259t g\u00f6st\u0259r\u0259n dissertasiya \u015furalar\u0131n\u0131n \u00fczv\u00fc, \u00dcmumd\u00fcnya \u018fqli M\u00fclkiyy\u0259t T\u0259\u015fkilat\u0131n\u0131n eksperti, Beyn\u0259lxalq Elml\u0259r Akademiyalar\u0131 Assosiasiyas\u0131n\u0131n Elm\u015f\u00fcnasl\u0131q \u00fczr\u0259 Elmi \u015euras\u0131n\u0131n \u00fczv\u00fcd\u00fcr. Az\u0259rbaycan Respublikas\u0131 M\u00fcdafi\u0259 Nazirliyinin Milli M\u00fcdafi\u0259 Universitetinin v\u0259 Az\u0259rbaycan Memarl\u0131q v\u0259 \u0130n\u015faat Universitetinin professorudur.<\/p>\n<p>\u018fmina\u011fa Sad\u0131qov d\u00fcnyan\u0131n 40-a yax\u0131n \u00f6lk\u0259sind\u0259, o c\u00fcml\u0259d\u0259n Amerika Birl\u0259\u015fmi\u015f \u015etatlar\u0131, Kanada, \u0130srail, Almaniya, Fransa, Rusiya, Ukrayna, \u0130taliya, \u0130spaniya, \u0130sve\u00e7, Malayziya v\u0259 s. \u00f6lk\u0259l\u0259rd\u0259 ke\u00e7irilmi\u015f 60-dan \u00e7ox n\u00fcfuzlu beyn\u0259lxalq t\u0259dbird\u0259 Az\u0259rbaycan Respublikas\u0131n\u0131 v\u0259 Az\u0259rbaycan Milli Elml\u0259r Akademiyas\u0131n\u0131 t\u0259msil etmi\u015fdir.<\/p>\n<p>\u018fmina\u011fa Sad\u0131qov 190 elmi \u0259s\u0259rin, o c\u00fcml\u0259d\u0259n 4 elmi monoqrafiyan\u0131n, 6 kitab\u0131n, habel\u0259 2 patentin v\u0259 2 ixtiran\u0131n m\u00fc\u0259llifidir. Onun elmi r\u0259hb\u0259rliyi il\u0259 2 elml\u0259r doktoru, 5 f\u0259ls\u0259f\u0259 doktoru dissertasiyas\u0131 m\u00fcdafi\u0259 olunmu\u015fdur. Haz\u0131rda elml\u0259r doktoru pill\u0259si \u00fczr\u0259 3 doktorant\u0131n elmi m\u0259sl\u0259h\u0259t\u00e7isi, f\u0259ls\u0259f\u0259 doktoru pill\u0259si \u00fczr\u0259 5 doktorant\u0131n elmi r\u0259hb\u0259ridir.<\/p>\n<p>\u018fmina\u011fa Sad\u0131qov &#8211; Az\u0259rbaycan Respublikas\u0131 Prezidentinin 14 dekabr 2005-ci il tarixli s\u0259r\u0259ncam\u0131 il\u0259 Az\u0259rbaycan elminin inki\u015faf\u0131ndak\u0131 xidm\u0259tl\u0259rin\u0259 g\u00f6r\u0259 Az\u0259rbaycan Respublikas\u0131n\u0131n\u00a0<b><i>\u201cT\u0259r\u0259qqi\u201d<\/i>\u00a0medal\u0131\u00a0<\/b>il\u0259 t\u0259ltif olunmu\u015fdur.<\/p>\n<p>Az\u0259rbaycan Respublikas\u0131 t\u0259hsil nazirinin \u0259mri il\u0259\u00a0<b><i>&#8220;Bak\u0131 D\u00f6vl\u0259t Universitetinin 100 illiyi (1919-2019)&#8221;\u00a0<\/i>Az\u0259rbaycan Respublikas\u0131n\u0131n medal\u0131<\/b>\u00a0il\u0259 t\u0259ltif olunub.<\/p>\n<p>S\u0259m\u0259r\u0259li elmi v\u0259 elmi-t\u0259\u015fkilati f\u0259aliyy\u0259tin\u0259 g\u00f6r\u0259 4 d\u0259f\u0259 AMEA-n\u0131n F\u0259xri F\u0259rman\u0131 il\u0259 t\u0259ltif olunub.<\/p>\n<p>Beyn\u0259lxalq Reytinq Akademiyas\u0131n\u0131n, \u00dcmumd\u00fcnya \u018fqli M\u00fclkiyy\u0259t T\u0259\u015fkilat\u0131n\u0131n q\u0131z\u0131l medallar\u0131na, h\u0259m\u00ad\u00e7i\u00adnin bir s\u0131ra beyn\u0259lxalq v\u0259 respublika s\u0259viyy\u0259li qeyri-h\u00f6ku\u00adm\u0259t t\u0259\u015fkilatlar\u0131n\u0131n t\u0259ltifl\u0259rin\u0259 layiq g\u00f6r\u00fclm\u00fc\u015fd\u00fcr.<\/p>\n<p>2017-ci ild\u0259 Az\u0259rbaycan K\u0130V \u0130\u015f\u00e7il\u0259ri H\u0259mkarlar \u0130ttifaq\u0131 t\u0259r\u0259find\u0259n ke\u00e7iril\u0259n r\u0259y sor\u011fusuna g\u00f6r\u0259 \u018f.Sad\u0131qov\u00a0<b><i>\u201c\u0130lin n\u00fcfuzlu ziyal\u0131s\u0131\u201d\u00a0<\/i>ali media m\u00fckafat\u0131<\/b>na layiq g\u00f6r\u00fclm\u00fc\u015fd\u00fcr.<\/p>\n<p>Ana dilind\u0259n ba\u015fqa ingilis, rus, t\u00fcrk v\u0259 ukrayn dill\u0259rini bilir.<\/p>\n<p>Evlidir, 1 q\u0131z\u0131 v\u0259 2 o\u011flu var.<\/p>\n<p><span style=\"color: #ff0000;\"><i><b>Biz d\u0259, AMEA-n\u0131n m\u00fcxbir \u00fczv\u00fc, texnika elml\u0259ri doktoru, h\u00f6rm\u0259tli professor \u018fmina\u011fa B\u0259hm\u0259n o\u011flu Sad\u0131qovu Elm v\u0259 T\u0259hsil Nazirliyi yan\u0131nda Elm v\u0259 Ali T\u0259hsil \u00fczr\u0259 D\u00f6vl\u0259t Agentliyinin direktor m\u00fcavini v\u0259zif\u0259sin\u0259 t\u0259yin olunmas\u0131 m\u00fcnasib\u0259til\u0259 \u00fcr\u0259kd\u0259n t\u0259brik edir v\u0259 ona yeni-yeni u\u011furlar arzulay\u0131r\u0131q!..<\/b><\/i><\/span><b><\/b><\/p>\n<p><strong><span style=\"color: #3366ff;\">M\u00fc\u015ffiq BOR\u00c7ALI,<\/span><\/strong><br \/>\n<strong><span style=\"color: #3366ff;\"><i>ZiM.Az<\/i><\/span><\/strong><\/p>\n<p>&nbsp;<\/p>\n<p>&nbsp;<\/p>\n","protected":false},"excerpt":{"rendered":"<p>T\u018fBR\u0130K ED\u0130R\u0130K!.. AMEA-n\u0131n m\u00fcxbir \u00fczv\u00fc, texnika elml\u0259ri doktoru, professor \u018fmina\u011fa Sad\u0131qov Elm v\u0259 T\u0259hsil Nazirliyi&#8230;<\/p>\n","protected":false},"author":2,"featured_media":1891,"comment_status":"open","ping_status":"open","sticky":false,"template":"","format":"standard","meta":{"footnotes":""},"categories":[102,100,68,17],"tags":[],"class_list":["post-1890","post","type-post","status-publish","format-standard","has-post-thumbnail","hentry","category-ziya-qzeti","category-nazirlik","category-tbriklr","category-xbrlr"],"featured_image_urls":{"full":["https:\/\/ziya.info.az\/wp-content\/uploads\/2024\/01\/Eminaqa-Sadiqov-001.jpg",287,383,false],"thumbnail":["https:\/\/ziya.info.az\/wp-content\/uploads\/2024\/01\/Eminaqa-Sadiqov-001-150x150.jpg",150,150,true],"medium":["https:\/\/ziya.info.az\/wp-content\/uploads\/2024\/01\/Eminaqa-Sadiqov-001-225x300.jpg",225,300,true],"medium_large":["https:\/\/ziya.info.az\/wp-content\/uploads\/2024\/01\/Eminaqa-Sadiqov-001.jpg",287,383,false],"large":["https:\/\/ziya.info.az\/wp-content\/uploads\/2024\/01\/Eminaqa-Sadiqov-001.jpg",287,383,false],"1536x1536":["https:\/\/ziya.info.az\/wp-content\/uploads\/2024\/01\/Eminaqa-Sadiqov-001.jpg",287,383,false],"2048x2048":["https:\/\/ziya.info.az\/wp-content\/uploads\/2024\/01\/Eminaqa-Sadiqov-001.jpg",287,383,false],"newsphere-slider-full":["https:\/\/ziya.info.az\/wp-content\/uploads\/2024\/01\/Eminaqa-Sadiqov-001.jpg",287,383,false],"newsphere-featured":["https:\/\/ziya.info.az\/wp-content\/uploads\/2024\/01\/Eminaqa-Sadiqov-001.jpg",287,383,false],"newsphere-medium":["https:\/\/ziya.info.az\/wp-content\/uploads\/2024\/01\/Eminaqa-Sadiqov-001-287x380.jpg",287,380,true]},"author_info":{"display_name":"Z\u0130YA.\u0130NFO.AZ","author_link":"https:\/\/ziya.info.az\/author\/admin"},"category_info":"<a href=\"https:\/\/ziya.info.az\/?cat=102\" rel=\"category\">\"Z\u0130YA\" q\u0259zeti<\/a> <a href=\"https:\/\/ziya.info.az\/?cat=100\" rel=\"category\">Nazirlik<\/a> <a href=\"https:\/\/ziya.info.az\/?cat=68\" rel=\"category\">T\u0259brikl\u0259r<\/a> <a href=\"https:\/\/ziya.info.az\/?cat=17\" rel=\"category\">X\u018fB\u018fRL\u018fR<\/a>","tag_info":"X\u018fB\u018fRL\u018fR","comment_count":"0","_links":{"self":[{"href":"https:\/\/ziya.info.az\/index.php?rest_route=\/wp\/v2\/posts\/1890","targetHints":{"allow":["GET"]}}],"collection":[{"href":"https:\/\/ziya.info.az\/index.php?rest_route=\/wp\/v2\/posts"}],"about":[{"href":"https:\/\/ziya.info.az\/index.php?rest_route=\/wp\/v2\/types\/post"}],"author":[{"embeddable":true,"href":"https:\/\/ziya.info.az\/index.php?rest_route=\/wp\/v2\/users\/2"}],"replies":[{"embeddable":true,"href":"https:\/\/ziya.info.az\/index.php?rest_route=%2Fwp%2Fv2%2Fcomments&post=1890"}],"version-history":[{"count":3,"href":"https:\/\/ziya.info.az\/index.php?rest_route=\/wp\/v2\/posts\/1890\/revisions"}],"predecessor-version":[{"id":1894,"href":"https:\/\/ziya.info.az\/index.php?rest_route=\/wp\/v2\/posts\/1890\/revisions\/1894"}],"wp:featuredmedia":[{"embeddable":true,"href":"https:\/\/ziya.info.az\/index.php?rest_route=\/wp\/v2\/media\/1891"}],"wp:attachment":[{"href":"https:\/\/ziya.info.az\/index.php?rest_route=%2Fwp%2Fv2%2Fmedia&parent=1890"}],"wp:term":[{"taxonomy":"category","embeddable":true,"href":"https:\/\/ziya.info.az\/index.php?rest_route=%2Fwp%2Fv2%2Fcategories&post=1890"},{"taxonomy":"post_tag","embeddable":true,"href":"https:\/\/ziya.info.az\/index.php?rest_route=%2Fwp%2Fv2%2Ftags&post=1890"}],"curies":[{"name":"wp","href":"https:\/\/api.w.org\/{rel}","templated":true}]}}