{"id":1847,"date":"2023-12-19T01:52:22","date_gmt":"2023-12-18T21:52:22","guid":{"rendered":"https:\/\/ziya.info.az\/?p=1847"},"modified":"2023-12-19T01:52:22","modified_gmt":"2023-12-18T21:52:22","slug":"istanbul-texniki-universitetinin-rektoru-aztu-da-olub","status":"publish","type":"post","link":"https:\/\/ziya.info.az\/?p=1847","title":{"rendered":"\u0130stanbul Texniki Universitetinin rektoru AzTU-da olub"},"content":{"rendered":"<p><span style=\"color: #ff0000;\"><strong>T\u00fcrkiy\u0259nin \u0130stanbul Texniki Universitetinin (\u0130T\u00dc) rektoru professor \u0130smay\u0131l Koyuncunun ba\u015f\u00e7\u0131l\u0131q etdiyi n\u00fcmay\u0259nd\u0259 hey\u0259ti \u00f6lk\u0259miz\u0259 s\u0259f\u0259ri \u00e7\u0259r\u00e7iv\u0259sind\u0259 Az\u0259rbaycan Texniki Universitetinin (AzTU) qona\u011f\u0131 olub.<\/strong><\/span><\/p>\n<p><img fetchpriority=\"high\" decoding=\"async\" class=\"alignnone  wp-image-1850\" src=\"https:\/\/ziya.info.az\/wp-content\/uploads\/2023\/12\/AzTU-ITU-001-300x214.jpg\" alt=\"\" width=\"500\" height=\"357\" srcset=\"https:\/\/ziya.info.az\/wp-content\/uploads\/2023\/12\/AzTU-ITU-001-300x214.jpg 300w, https:\/\/ziya.info.az\/wp-content\/uploads\/2023\/12\/AzTU-ITU-001.jpg 560w\" sizes=\"(max-width: 500px) 100vw, 500px\" \/><\/p>\n<p><img decoding=\"async\" class=\"alignnone  wp-image-1851\" src=\"https:\/\/ziya.info.az\/wp-content\/uploads\/2023\/12\/AzTU-ITU-002-300x201.jpg\" alt=\"\" width=\"500\" height=\"335\" srcset=\"https:\/\/ziya.info.az\/wp-content\/uploads\/2023\/12\/AzTU-ITU-002-300x201.jpg 300w, https:\/\/ziya.info.az\/wp-content\/uploads\/2023\/12\/AzTU-ITU-002.jpg 560w\" sizes=\"(max-width: 500px) 100vw, 500px\" \/><\/p>\n<p><img decoding=\"async\" class=\"alignnone  wp-image-1849\" src=\"https:\/\/ziya.info.az\/wp-content\/uploads\/2023\/12\/AzTU-ITU-003-300x201.jpg\" alt=\"\" width=\"500\" height=\"335\" srcset=\"https:\/\/ziya.info.az\/wp-content\/uploads\/2023\/12\/AzTU-ITU-003-300x201.jpg 300w, https:\/\/ziya.info.az\/wp-content\/uploads\/2023\/12\/AzTU-ITU-003.jpg 560w\" sizes=\"(max-width: 500px) 100vw, 500px\" \/><\/p>\n<p>\u018fvv\u0259lc\u0259 h\u0259r iki universitetin r\u0259hb\u0259rliyi v\u0259 n\u00fcmay\u0259nd\u0259l\u0259ri F\u0259xri xiyabanda ulu \u00f6nd\u0259r Heyd\u0259r \u018fliyevin m\u0259zar\u0131n\u0131 ziyar\u0259t edib, \u00f6n\u00fcn\u0259 g\u00fcl d\u0259st\u0259l\u0259ri d\u00fcz\u00fcbl\u0259r.<\/p>\n<p><img loading=\"lazy\" decoding=\"async\" class=\"alignnone  wp-image-1852\" src=\"https:\/\/ziya.info.az\/wp-content\/uploads\/2023\/12\/AzTU-ITU-004-300x224.jpg\" alt=\"\" width=\"500\" height=\"373\" srcset=\"https:\/\/ziya.info.az\/wp-content\/uploads\/2023\/12\/AzTU-ITU-004-300x224.jpg 300w, https:\/\/ziya.info.az\/wp-content\/uploads\/2023\/12\/AzTU-ITU-004.jpg 560w\" sizes=\"(max-width: 500px) 100vw, 500px\" \/><\/p>\n<p>G\u00f6rk\u0259mli oftalmoloq alim, akademik Z\u0259rif\u0259 xan\u0131m \u018fliyevan\u0131n da xatir\u0259si ehtiramla yad olunub.<\/p>\n<p><img loading=\"lazy\" decoding=\"async\" class=\"alignnone  wp-image-1853\" src=\"https:\/\/ziya.info.az\/wp-content\/uploads\/2023\/12\/AzTU-ITU-005-300x201.jpg\" alt=\"\" width=\"499\" height=\"334\" srcset=\"https:\/\/ziya.info.az\/wp-content\/uploads\/2023\/12\/AzTU-ITU-005-300x201.jpg 300w, https:\/\/ziya.info.az\/wp-content\/uploads\/2023\/12\/AzTU-ITU-005.jpg 560w\" sizes=\"(max-width: 499px) 100vw, 499px\" \/><\/p>\n<p><img loading=\"lazy\" decoding=\"async\" class=\"alignnone  wp-image-1854\" src=\"https:\/\/ziya.info.az\/wp-content\/uploads\/2023\/12\/AzTU-ITU-006-250x300.jpg\" alt=\"\" width=\"500\" height=\"600\" srcset=\"https:\/\/ziya.info.az\/wp-content\/uploads\/2023\/12\/AzTU-ITU-006-250x300.jpg 250w, https:\/\/ziya.info.az\/wp-content\/uploads\/2023\/12\/AzTU-ITU-006.jpg 560w\" sizes=\"(max-width: 500px) 100vw, 500px\" \/><\/p>\n<p><img loading=\"lazy\" decoding=\"async\" class=\"alignnone  wp-image-1855\" src=\"https:\/\/ziya.info.az\/wp-content\/uploads\/2023\/12\/AzTU-ITU-007-300x206.jpg\" alt=\"\" width=\"500\" height=\"343\" srcset=\"https:\/\/ziya.info.az\/wp-content\/uploads\/2023\/12\/AzTU-ITU-007-300x206.jpg 300w, https:\/\/ziya.info.az\/wp-content\/uploads\/2023\/12\/AzTU-ITU-007.jpg 560w\" sizes=\"(max-width: 500px) 100vw, 500px\" \/><\/p>\n<p><img loading=\"lazy\" decoding=\"async\" class=\"alignnone  wp-image-1856\" src=\"https:\/\/ziya.info.az\/wp-content\/uploads\/2023\/12\/AzTU-ITU-009-300x168.jpg\" alt=\"\" width=\"500\" height=\"280\" srcset=\"https:\/\/ziya.info.az\/wp-content\/uploads\/2023\/12\/AzTU-ITU-009-300x168.jpg 300w, https:\/\/ziya.info.az\/wp-content\/uploads\/2023\/12\/AzTU-ITU-009.jpg 560w\" sizes=\"(max-width: 500px) 100vw, 500px\" \/><\/p>\n<p>Daha sonra \u015e\u0259hidl\u0259r xiyaban\u0131nda torpaqlar\u0131m\u0131z\u0131n \u0259razi b\u00fct\u00f6vl\u00fcy\u00fc v\u0259 suverenliyi u\u011frunda canlar\u0131ndan ke\u00e7\u0259n V\u0259t\u0259n \u00f6vladlar\u0131n\u0131n m\u0259zar\u0131 v\u0259 \u201cT\u00fcrk \u015e\u0259hidliyi\u201d abid\u0259si ziyar\u0259t olunub.<\/p>\n<p><img loading=\"lazy\" decoding=\"async\" class=\"alignnone  wp-image-1857\" src=\"https:\/\/ziya.info.az\/wp-content\/uploads\/2023\/12\/AzTU-ITU-010-300x204.jpg\" alt=\"\" width=\"500\" height=\"340\" srcset=\"https:\/\/ziya.info.az\/wp-content\/uploads\/2023\/12\/AzTU-ITU-010-300x204.jpg 300w, https:\/\/ziya.info.az\/wp-content\/uploads\/2023\/12\/AzTU-ITU-010.jpg 560w\" sizes=\"(max-width: 500px) 100vw, 500px\" \/><\/p>\n<p>AzTU-da davam etdiril\u0259n g\u00f6r\u00fc\u015fd\u0259 <strong>rektor Vilay\u0259t V\u0259liyev<\/strong> qonaqlar\u0131 universitetd\u0259 g\u00f6rm\u0259kd\u0259n m\u0259mnunlu\u011funu ifad\u0259 edib. Bildirib ki, AzTU v\u0259 \u0130T\u00dc \u0259laq\u0259l\u0259ri m\u00fcxt\u0259lif istiqam\u0259tl\u0259r \u00fczr\u0259 inki\u015faf etdirilir. Rektor deyib ki, AzTU-da yeni yana\u015fmalar\u0131n t\u0259tbiqi zaman\u0131 \u0130T\u00dc-n\u00fcn t\u0259cr\u00fcb\u0259sind\u0259n istifad\u0259 olunur.<\/p>\n<p><img loading=\"lazy\" decoding=\"async\" class=\"alignnone  wp-image-1858\" src=\"https:\/\/ziya.info.az\/wp-content\/uploads\/2023\/12\/AzTU-ITU-011-300x187.jpg\" alt=\"\" width=\"501\" height=\"312\" srcset=\"https:\/\/ziya.info.az\/wp-content\/uploads\/2023\/12\/AzTU-ITU-011-300x187.jpg 300w, https:\/\/ziya.info.az\/wp-content\/uploads\/2023\/12\/AzTU-ITU-011.jpg 560w\" sizes=\"(max-width: 501px) 100vw, 501px\" \/><\/p>\n<p>Y\u00fcks\u0259k qonaqp\u0259rv\u0259rliy\u0259 g\u00f6r\u0259 AzTU r\u0259hb\u0259rliyin\u0259 t\u0259\u015f\u0259kk\u00fcr ed\u0259n<strong> \u0130T\u00dc-n\u00fcn rektoru professor \u0130smay\u0131l Koyuncu<\/strong> qeyd edib ki, iki universitet aras\u0131nda \u0259laq\u0259l\u0259rin inki\u015faf\u0131 T\u00fcrkiy\u0259 v\u0259 Az\u0259rbaycan ali t\u0259hsil sisteminin inki\u015faf\u0131na t\u00f6hf\u0259 verm\u0259kd\u0259dir.<\/p>\n<p><img loading=\"lazy\" decoding=\"async\" class=\"alignnone  wp-image-1859\" src=\"https:\/\/ziya.info.az\/wp-content\/uploads\/2023\/12\/AzTU-ITU-012-300x188.jpg\" alt=\"\" width=\"501\" height=\"314\" srcset=\"https:\/\/ziya.info.az\/wp-content\/uploads\/2023\/12\/AzTU-ITU-012-300x188.jpg 300w, https:\/\/ziya.info.az\/wp-content\/uploads\/2023\/12\/AzTU-ITU-012.jpg 560w\" sizes=\"(max-width: 501px) 100vw, 501px\" \/><\/p>\n<p>G\u00f6r\u00fc\u015f zaman\u0131 m\u00fc\u0259llim v\u0259 t\u0259l\u0259b\u0259 m\u00fcbadil\u0259si, m\u00fcvafiq istiqam\u0259tl\u0259r \u00fczr\u0259 ikili diplom proqramlar\u0131na haz\u0131rl\u0131qla ba\u011fl\u0131 m\u0259s\u0259l\u0259l\u0259r m\u00fczakir\u0259 olunub.<\/p>\n<p><img loading=\"lazy\" decoding=\"async\" class=\"alignnone  wp-image-1860\" src=\"https:\/\/ziya.info.az\/wp-content\/uploads\/2023\/12\/AzTU-ITU-014-300x248.jpg\" alt=\"\" width=\"500\" height=\"413\" srcset=\"https:\/\/ziya.info.az\/wp-content\/uploads\/2023\/12\/AzTU-ITU-014-300x248.jpg 300w, https:\/\/ziya.info.az\/wp-content\/uploads\/2023\/12\/AzTU-ITU-014.jpg 560w\" sizes=\"(max-width: 500px) 100vw, 500px\" \/><\/p>\n<p><span style=\"color: #0000ff;\"><strong><em>&#8220;Ziya&#8221;<\/em><\/strong><\/span><\/p>\n<p>.<\/p>\n","protected":false},"excerpt":{"rendered":"<p>T\u00fcrkiy\u0259nin \u0130stanbul Texniki Universitetinin (\u0130T\u00dc) rektoru professor \u0130smay\u0131l Koyuncunun ba\u015f\u00e7\u0131l\u0131q etdiyi n\u00fcmay\u0259nd\u0259 hey\u0259ti \u00f6lk\u0259miz\u0259 s\u0259f\u0259ri&#8230;<\/p>\n","protected":false},"author":2,"featured_media":1848,"comment_status":"open","ping_status":"open","sticky":false,"template":"","format":"standard","meta":{"footnotes":""},"categories":[3,16,33],"tags":[],"class_list":["post-1847","post","type-post","status-publish","format-standard","has-post-thumbnail","hentry","category-aztu","category-turan","category-xbrlr-2"],"featured_image_urls":{"full":["https:\/\/ziya.info.az\/wp-content\/uploads\/2023\/12\/AzTU-ITU-013.jpg",560,471,false],"thumbnail":["https:\/\/ziya.info.az\/wp-content\/uploads\/2023\/12\/AzTU-ITU-013-150x150.jpg",150,150,true],"medium":["https:\/\/ziya.info.az\/wp-content\/uploads\/2023\/12\/AzTU-ITU-013-300x252.jpg",300,252,true],"medium_large":["https:\/\/ziya.info.az\/wp-content\/uploads\/2023\/12\/AzTU-ITU-013.jpg",560,471,false],"large":["https:\/\/ziya.info.az\/wp-content\/uploads\/2023\/12\/AzTU-ITU-013.jpg",560,471,false],"1536x1536":["https:\/\/ziya.info.az\/wp-content\/uploads\/2023\/12\/AzTU-ITU-013.jpg",560,471,false],"2048x2048":["https:\/\/ziya.info.az\/wp-content\/uploads\/2023\/12\/AzTU-ITU-013.jpg",560,471,false],"newsphere-slider-full":["https:\/\/ziya.info.az\/wp-content\/uploads\/2023\/12\/AzTU-ITU-013.jpg",560,471,false],"newsphere-featured":["https:\/\/ziya.info.az\/wp-content\/uploads\/2023\/12\/AzTU-ITU-013.jpg",560,471,false],"newsphere-medium":["https:\/\/ziya.info.az\/wp-content\/uploads\/2023\/12\/AzTU-ITU-013-560x380.jpg",560,380,true]},"author_info":{"display_name":"Z\u0130YA.\u0130NFO.AZ","author_link":"https:\/\/ziya.info.az\/author\/admin"},"category_info":"<a href=\"https:\/\/ziya.info.az\/?cat=3\" rel=\"category\">AzTU<\/a> <a href=\"https:\/\/ziya.info.az\/?cat=16\" rel=\"category\">TURAN<\/a> <a href=\"https:\/\/ziya.info.az\/?cat=33\" rel=\"category\">X\u0259b\u0259rl\u0259r<\/a>","tag_info":"X\u0259b\u0259rl\u0259r","comment_count":"0","_links":{"self":[{"href":"https:\/\/ziya.info.az\/index.php?rest_route=\/wp\/v2\/posts\/1847","targetHints":{"allow":["GET"]}}],"collection":[{"href":"https:\/\/ziya.info.az\/index.php?rest_route=\/wp\/v2\/posts"}],"about":[{"href":"https:\/\/ziya.info.az\/index.php?rest_route=\/wp\/v2\/types\/post"}],"author":[{"embeddable":true,"href":"https:\/\/ziya.info.az\/index.php?rest_route=\/wp\/v2\/users\/2"}],"replies":[{"embeddable":true,"href":"https:\/\/ziya.info.az\/index.php?rest_route=%2Fwp%2Fv2%2Fcomments&post=1847"}],"version-history":[{"count":1,"href":"https:\/\/ziya.info.az\/index.php?rest_route=\/wp\/v2\/posts\/1847\/revisions"}],"predecessor-version":[{"id":1861,"href":"https:\/\/ziya.info.az\/index.php?rest_route=\/wp\/v2\/posts\/1847\/revisions\/1861"}],"wp:featuredmedia":[{"embeddable":true,"href":"https:\/\/ziya.info.az\/index.php?rest_route=\/wp\/v2\/media\/1848"}],"wp:attachment":[{"href":"https:\/\/ziya.info.az\/index.php?rest_route=%2Fwp%2Fv2%2Fmedia&parent=1847"}],"wp:term":[{"taxonomy":"category","embeddable":true,"href":"https:\/\/ziya.info.az\/index.php?rest_route=%2Fwp%2Fv2%2Fcategories&post=1847"},{"taxonomy":"post_tag","embeddable":true,"href":"https:\/\/ziya.info.az\/index.php?rest_route=%2Fwp%2Fv2%2Ftags&post=1847"}],"curies":[{"name":"wp","href":"https:\/\/api.w.org\/{rel}","templated":true}]}}