{"id":1752,"date":"2023-12-09T18:57:57","date_gmt":"2023-12-09T14:57:57","guid":{"rendered":"https:\/\/ziya.info.az\/?p=1752"},"modified":"2023-12-09T19:00:58","modified_gmt":"2023-12-09T15:00:58","slug":"salyanda-xalq-sairi-m%c9%99mm%c9%99d-arazin-90-illiyi-qeyd-edilib","status":"publish","type":"post","link":"https:\/\/ziya.info.az\/?p=1752","title":{"rendered":"Salyanda Xalq \u015fairi M\u0259mm\u0259d Araz\u0131n 90 illiyi qeyd edilib"},"content":{"rendered":"<p><span style=\"color: #ff0000;\"><strong>Salyan Rayon M\u0259rk\u0259zl\u0259\u015fdirilmi\u015f Kitabxana Sistemind\u0259 Xalq \u015fairi M\u0259mm\u0259d Araz\u0131n anadan olmas\u0131n\u0131n 90 illiyi m\u00fcnasib\u0259til\u0259 t\u0259dbir ke\u00e7irilib.<\/strong><\/span><\/p>\n<p><span style=\"color: #ff0000;\"><strong>T\u0259dbir Salyan Rayon \u0130cra Hakimiyy\u0259tinin v\u0259 Az\u0259rbaycan Yaz\u0131\u00e7\u0131lar Birliyinin birg\u0259 t\u0259\u015fkilat\u00e7\u0131l\u0131\u011f\u0131 il\u0259\u00a0 ba\u015f tutub.<\/strong><\/span><\/p>\n<p><span style=\"color: #ff0000;\"><strong>\u018fvv\u0259lc\u0259 unudulmaz \u015fairin h\u0259yat v\u0259 yarad\u0131c\u0131l\u0131\u011f\u0131na h\u0259sr olunan video\u00e7arx\u00a0n\u00fcmayi\u015f etdirilib.<\/strong><\/span><\/p>\n<p>M\u0259rasimd\u0259 Salyan Rayon \u0130cra Hakimiyy\u0259ti ba\u015f\u00e7\u0131s\u0131n\u0131n Sosial-iqtisadi inki\u015faf\u0131n t\u0259hlili v\u0259 proqnozla\u015fd\u0131r\u0131lmas\u0131 \u015f\u00f6b\u0259sinin m\u00fcdir m\u00fcavini <strong>M\u0259h\u0259rr\u0259m M\u0259mm\u0259dov,<\/strong> AMEA N\u0259simi ad\u0131na Dil\u00e7ilik \u0130nstitutunun direktoru professor <strong>Nadir M\u0259mm\u0259dli,<\/strong> Az\u0259rbaycan Yaz\u0131\u00e7\u0131lar Birliyinin Mu\u011fan B\u00f6lm\u0259sinin s\u0259dri yaz\u0131\u00e7\u0131-publisist <strong>N\u0259bi \u0130brahimov<\/strong>, Salyan rayon \u201cQ\u0259l\u0259b\u0259\u201d q\u0259zetinin \u0259m\u0259kda\u015f\u0131 \u015fair-publisit <strong>\u018fziza\u011fa M\u0259mm\u0259dli,<\/strong> Salyan \u015f\u0259h\u0259r 2 sayl\u0131 tam orta m\u0259kt\u0259bin dil-\u0259d\u0259biyyat m\u00fc\u0259llimi, Dil\u00e7ilik \u0130nstitutunun dissertant\u0131 <strong>G\u00fcnel Orucova<\/strong> \u00e7\u0131x\u0131\u015f ed\u0259r\u0259k \u00a0Az\u0259rbaycan\u0131n milli istiqlal \u015fairi M\u0259mm\u0259d Araz\u0131n yubileyl\u0259rinin daim \u00f6lk\u0259mizd\u0259 y\u00fcks\u0259k s\u0259viyy\u0259d\u0259 qeyd edildiyini bildiribl\u0259r.<\/p>\n<p><em>Vur\u011fulan\u0131b ki,<\/em> \u00dcmummilli Lider Heyd\u0259r \u018fliyev Xalq \u015fairi M\u0259mm\u0259d Araz yarad\u0131c\u0131l\u0131\u011f\u0131na v\u0259 \u015f\u0259xsiyy\u0259tin\u0259 daim y\u00fcks\u0259k qiym\u0259t vermi\u015fdir. Onun f\u0259aliyy\u0259ti Ulu \u00d6nd\u0259r t\u0259r\u0259find\u0259n \u201c\u0130stiqlal\u201d ordeni il\u0259 qiym\u0259tl\u0259ndirilmi\u015fdir.\u00a0 \u015eairin Az\u0259rbaycan \u0259d\u0259biyyat\u0131n\u0131n inki\u015faf\u0131ndak\u0131 xidm\u0259tl\u0259rini n\u0259z\u0259r\u0259 alan Prezident \u0130lham \u018fliyev d\u0259 g\u00f6rk\u0259mli s\u0259n\u0259tkar\u0131n xatir\u0259sinin \u0259b\u0259dil\u0259\u015fdirilm\u0259si, yubileyl\u0259rinin ke\u00e7irilm\u0259si haqq\u0131nda s\u0259r\u0259ncamlar imzalam\u0131\u015fd\u0131r.<\/p>\n<p>Diqq\u0259t\u0259 \u00e7atd\u0131r\u0131l\u0131b ki, yarad\u0131c\u0131l\u0131\u011f\u0131nda \u0259sas\u0259n V\u0259t\u0259n, torpa\u011fa ba\u011fl\u0131l\u0131q, v\u0259t\u0259nda\u015fl\u0131q, v\u0259t\u0259np\u0259rv\u0259rlik m\u00f6vzular\u0131na m\u00fcraci\u0259t ed\u0259n \u015fairin poeziyas\u0131 bu g\u00fcn d\u0259 aktuall\u0131\u011f\u0131n\u0131 qoruyub saxlay\u0131r, onun \u015feirl\u0259rin\u0259 mahn\u0131lar yaz\u0131l\u0131r v\u0259 dill\u0259r \u0259zb\u0259ridir. Az\u0259rbaycan \u0259d\u0259biyyat\u0131n\u0131n b\u00f6y\u00fck ustadlar\u0131ndan olan M\u0259mm\u0259d Araz\u0131n s\u0259n\u0259ti, yarad\u0131c\u0131l\u0131\u011f\u0131, \u0259s\u0259rl\u0259ri h\u0259r zaman ya\u015fayacaq v\u0259 m\u00fcst\u0259qil d\u00f6vl\u0259t\u00e7iliyimizin m\u00f6hk\u0259ml\u0259nm\u0259sin\u0259 xidm\u0259t ed\u0259c\u0259k.<\/p>\n<p>Daha sonra tan\u0131nm\u0131\u015f \u015fair<strong> Zabil P\u0259rviz<\/strong> M\u0259mm\u0259d Araz il\u0259 unudulmaz g\u00f6r\u00fc\u015fl\u0259rind\u0259n dan\u0131\u015f\u0131b, onunla ba\u011fl\u0131 xatir\u0259l\u0259rini b\u00f6l\u00fc\u015f\u00fcb. O, \u015fairin poeziyas\u0131n\u0131n b\u0259nz\u0259rsiz oldu\u011funu qeyd\u00a0 edib.<\/p>\n<p>T\u0259dbir b\u0259dii hiss\u0259 il\u0259 davam etdirib.<\/p>\n<p>B\u0259dii hiss\u0259d\u0259 M\u0259mm\u0259d Araz\u0131n m\u00fc\u0259llifi oldu\u011fu \u015feirl\u0259r s\u0259sl\u0259ndirilib, \u015feirl\u0259rin\u0259 b\u0259st\u0259l\u0259nmi\u015f mahn\u0131lar ifa olunub.<\/p>\n<p><img fetchpriority=\"high\" decoding=\"async\" class=\"alignnone size-medium wp-image-1754\" src=\"https:\/\/ziya.info.az\/wp-content\/uploads\/2023\/12\/Memmed_Araz_1-1-300x181.jpg\" alt=\"\" width=\"300\" height=\"181\" srcset=\"https:\/\/ziya.info.az\/wp-content\/uploads\/2023\/12\/Memmed_Araz_1-1-300x181.jpg 300w, https:\/\/ziya.info.az\/wp-content\/uploads\/2023\/12\/Memmed_Araz_1-1.jpg 500w\" sizes=\"(max-width: 300px) 100vw, 300px\" \/><\/p>\n<p><span style=\"color: #ff0000;\"><em><strong>&#8220;Ziya&#8221;<\/strong><\/em><\/span><\/p>\n<p>.<\/p>\n<p>&nbsp;<\/p>\n","protected":false},"excerpt":{"rendered":"<p>Salyan Rayon M\u0259rk\u0259zl\u0259\u015fdirilmi\u015f Kitabxana Sistemind\u0259 Xalq \u015fairi M\u0259mm\u0259d Araz\u0131n anadan olmas\u0131n\u0131n 90 illiyi m\u00fcnasib\u0259til\u0259 t\u0259dbir&#8230;<\/p>\n","protected":false},"author":2,"featured_media":1753,"comment_status":"open","ping_status":"open","sticky":false,"template":"","format":"standard","meta":{"footnotes":""},"categories":[35,17],"tags":[],"class_list":["post-1752","post","type-post","status-publish","format-standard","has-post-thumbnail","hentry","category-humanitar-elmlr","category-xbrlr"],"featured_image_urls":{"full":["https:\/\/ziya.info.az\/wp-content\/uploads\/2023\/12\/Memmed_Araz_1.jpg",500,302,false],"thumbnail":["https:\/\/ziya.info.az\/wp-content\/uploads\/2023\/12\/Memmed_Araz_1-150x150.jpg",150,150,true],"medium":["https:\/\/ziya.info.az\/wp-content\/uploads\/2023\/12\/Memmed_Araz_1-300x181.jpg",300,181,true],"medium_large":["https:\/\/ziya.info.az\/wp-content\/uploads\/2023\/12\/Memmed_Araz_1.jpg",500,302,false],"large":["https:\/\/ziya.info.az\/wp-content\/uploads\/2023\/12\/Memmed_Araz_1.jpg",500,302,false],"1536x1536":["https:\/\/ziya.info.az\/wp-content\/uploads\/2023\/12\/Memmed_Araz_1.jpg",500,302,false],"2048x2048":["https:\/\/ziya.info.az\/wp-content\/uploads\/2023\/12\/Memmed_Araz_1.jpg",500,302,false],"newsphere-slider-full":["https:\/\/ziya.info.az\/wp-content\/uploads\/2023\/12\/Memmed_Araz_1.jpg",500,302,false],"newsphere-featured":["https:\/\/ziya.info.az\/wp-content\/uploads\/2023\/12\/Memmed_Araz_1.jpg",500,302,false],"newsphere-medium":["https:\/\/ziya.info.az\/wp-content\/uploads\/2023\/12\/Memmed_Araz_1.jpg",500,302,false]},"author_info":{"display_name":"Z\u0130YA.\u0130NFO.AZ","author_link":"https:\/\/ziya.info.az\/author\/admin"},"category_info":"<a href=\"https:\/\/ziya.info.az\/?cat=35\" rel=\"category\">Humanitar elml\u0259r<\/a> <a href=\"https:\/\/ziya.info.az\/?cat=17\" rel=\"category\">X\u018fB\u018fRL\u018fR<\/a>","tag_info":"X\u018fB\u018fRL\u018fR","comment_count":"0","_links":{"self":[{"href":"https:\/\/ziya.info.az\/index.php?rest_route=\/wp\/v2\/posts\/1752","targetHints":{"allow":["GET"]}}],"collection":[{"href":"https:\/\/ziya.info.az\/index.php?rest_route=\/wp\/v2\/posts"}],"about":[{"href":"https:\/\/ziya.info.az\/index.php?rest_route=\/wp\/v2\/types\/post"}],"author":[{"embeddable":true,"href":"https:\/\/ziya.info.az\/index.php?rest_route=\/wp\/v2\/users\/2"}],"replies":[{"embeddable":true,"href":"https:\/\/ziya.info.az\/index.php?rest_route=%2Fwp%2Fv2%2Fcomments&post=1752"}],"version-history":[{"count":1,"href":"https:\/\/ziya.info.az\/index.php?rest_route=\/wp\/v2\/posts\/1752\/revisions"}],"predecessor-version":[{"id":1755,"href":"https:\/\/ziya.info.az\/index.php?rest_route=\/wp\/v2\/posts\/1752\/revisions\/1755"}],"wp:featuredmedia":[{"embeddable":true,"href":"https:\/\/ziya.info.az\/index.php?rest_route=\/wp\/v2\/media\/1753"}],"wp:attachment":[{"href":"https:\/\/ziya.info.az\/index.php?rest_route=%2Fwp%2Fv2%2Fmedia&parent=1752"}],"wp:term":[{"taxonomy":"category","embeddable":true,"href":"https:\/\/ziya.info.az\/index.php?rest_route=%2Fwp%2Fv2%2Fcategories&post=1752"},{"taxonomy":"post_tag","embeddable":true,"href":"https:\/\/ziya.info.az\/index.php?rest_route=%2Fwp%2Fv2%2Ftags&post=1752"}],"curies":[{"name":"wp","href":"https:\/\/api.w.org\/{rel}","templated":true}]}}