{"id":1749,"date":"2023-12-09T03:06:26","date_gmt":"2023-12-08T23:06:26","guid":{"rendered":"https:\/\/ziya.info.az\/?p=1749"},"modified":"2023-12-09T03:06:26","modified_gmt":"2023-12-08T23:06:26","slug":"turxan-suleyman-elm-v%c9%99-ali-t%c9%99hsil-siyas%c9%99ti-sob%c9%99sinin-mudiri-v%c9%99zif%c9%99sin%c9%99-t%c9%99yin-olunub","status":"publish","type":"post","link":"https:\/\/ziya.info.az\/?p=1749","title":{"rendered":"Turxan S\u00fcleyman Elm v\u0259 ali t\u0259hsil siyas\u0259ti \u015f\u00f6b\u0259sinin m\u00fcdiri v\u0259zif\u0259sin\u0259 t\u0259yin olunub"},"content":{"rendered":"<p><span style=\"color: #ff0000;\"><em><strong>T\u018fBR\u0130K ED\u0130R\u0130K!<\/strong><\/em><\/span><\/p>\n<p><span style=\"color: #ff0000;\"><strong>Birinci \u201cY\u00fcks\u0259li\u015f\u201d m\u00fcsabiq\u0259sinin qalibi Turxan Raquf o\u011flu S\u00fcleyman Elm v\u0259 T\u0259hsil Nazirliyinin Elm v\u0259 ali t\u0259hsil siyas\u0259ti \u015f\u00f6b\u0259sinin m\u00fcdiri v\u0259zif\u0259sin\u0259 t\u0259yin olunub.<\/strong><\/span><\/p>\n<p><em>&#8220;ZiM.Az&#8221;<\/em>-\u0131n m\u0259lumat\u0131na g\u00f6r\u0259, bu bar\u0259d\u0259 m\u00fcvafiq \u0259mr imzalan\u0131b.<\/p>\n<p><em>Qeyd ed\u0259k ki,<\/em> 35 ya\u015fl\u0131 \u015f\u00f6b\u0259 m\u00fcdiri Turxan S\u00fcleymanov 1988-ci ild\u0259 anadan olub. Bak\u0131 Slavyan Universitetinin Region\u015f\u00fcnasl\u0131q (regionlar) ixtisas\u0131 \u00fczr\u0259 bakalavr, Bak\u0131 D\u00f6vl\u0259t Universitetinin Beyn\u0259lxalq m\u00fcnasib\u0259tl\u0259r ixtisas\u0131 \u00fczr\u0259 magistratura v\u0259 doktorantura m\u0259zunudur. Az\u0259rbaycan D\u00f6vl\u0259t M\u0259d\u0259niyy\u0259t v\u0259 \u0130nc\u0259s\u0259n\u0259t Universitetind\u0259 ba\u015f m\u00fc\u0259llim v\u0259 \u015f\u00f6b\u0259 m\u00fcdiri v\u0259zif\u0259sind\u0259 \u00e7al\u0131\u015f\u0131b.<\/p>\n<p><em>Xat\u0131rladaq ki,<\/em>\u00a0 bu v\u0259zif\u0259d\u0259n \u0259vv\u0259l Turxan S\u00fcleymanov Elm, ali v\u0259 orta ixtisas t\u0259hsili \u015f\u00f6b\u0259sinin Elm sektorunun m\u00fcdiri v\u0259zif\u0259sini tuturdu.<\/p>\n<p>Turxan S\u00fcleymanovdan \u0259vv\u0259l Elm, ali v\u0259 orta ixtisas t\u0259hsili \u015f\u00f6b\u0259sinin m\u00fcdiri v\u0259zif\u0259sini Yaqub Maksim o\u011flu Piriyev icra edib. O, bu ilin sentyabr ay\u0131nda Bak\u0131 M\u00fch\u0259ndislik Universitetinin rektoru t\u0259yin olunub. Oktyabr\u0131n 4-d\u0259n is\u0259 h\u0259min v\u0259zif\u0259ni Turxan S\u00fcleymanov icra edirdi.<\/p>\n<p><span style=\"color: #ff0000;\"><em><strong>Turxan m\u00fc\u0259llimi yeni v\u0259zif\u0259y\u0259 t\u0259yin olunmas\u0131 m\u00fcnasib\u0259til\u0259 \u00fcr\u0259kd\u0259n t\u0259brik edir v\u0259 ona yeni-yeni u\u011furlar arzulay\u0131r\u0131q!..<\/strong><\/em><\/span><\/p>\n<p><span style=\"color: #3366ff;\"><strong>M\u00fc\u015ffiq BOR\u00c7ALI,<\/strong><\/span><br \/>\n<em><span style=\"color: #3366ff;\"><strong>ZiM.Az<\/strong><\/span><\/em><\/p>\n<p>.<\/p>\n","protected":false},"excerpt":{"rendered":"<p>T\u018fBR\u0130K ED\u0130R\u0130K! Birinci \u201cY\u00fcks\u0259li\u015f\u201d m\u00fcsabiq\u0259sinin qalibi Turxan Raquf o\u011flu S\u00fcleyman Elm v\u0259 T\u0259hsil Nazirliyinin Elm&#8230;<\/p>\n","protected":false},"author":2,"featured_media":1750,"comment_status":"open","ping_status":"open","sticky":false,"template":"","format":"standard","meta":{"footnotes":""},"categories":[100,68],"tags":[],"class_list":["post-1749","post","type-post","status-publish","format-standard","has-post-thumbnail","hentry","category-nazirlik","category-tbriklr"],"featured_image_urls":{"full":["https:\/\/ziya.info.az\/wp-content\/uploads\/2023\/12\/Turxan-Suleyman-001.jpg",293,341,false],"thumbnail":["https:\/\/ziya.info.az\/wp-content\/uploads\/2023\/12\/Turxan-Suleyman-001-150x150.jpg",150,150,true],"medium":["https:\/\/ziya.info.az\/wp-content\/uploads\/2023\/12\/Turxan-Suleyman-001-258x300.jpg",258,300,true],"medium_large":["https:\/\/ziya.info.az\/wp-content\/uploads\/2023\/12\/Turxan-Suleyman-001.jpg",293,341,false],"large":["https:\/\/ziya.info.az\/wp-content\/uploads\/2023\/12\/Turxan-Suleyman-001.jpg",293,341,false],"1536x1536":["https:\/\/ziya.info.az\/wp-content\/uploads\/2023\/12\/Turxan-Suleyman-001.jpg",293,341,false],"2048x2048":["https:\/\/ziya.info.az\/wp-content\/uploads\/2023\/12\/Turxan-Suleyman-001.jpg",293,341,false],"newsphere-slider-full":["https:\/\/ziya.info.az\/wp-content\/uploads\/2023\/12\/Turxan-Suleyman-001.jpg",293,341,false],"newsphere-featured":["https:\/\/ziya.info.az\/wp-content\/uploads\/2023\/12\/Turxan-Suleyman-001.jpg",293,341,false],"newsphere-medium":["https:\/\/ziya.info.az\/wp-content\/uploads\/2023\/12\/Turxan-Suleyman-001.jpg",293,341,false]},"author_info":{"display_name":"Z\u0130YA.\u0130NFO.AZ","author_link":"https:\/\/ziya.info.az\/author\/admin"},"category_info":"<a href=\"https:\/\/ziya.info.az\/?cat=100\" rel=\"category\">Nazirlik<\/a> <a href=\"https:\/\/ziya.info.az\/?cat=68\" rel=\"category\">T\u0259brikl\u0259r<\/a>","tag_info":"T\u0259brikl\u0259r","comment_count":"0","_links":{"self":[{"href":"https:\/\/ziya.info.az\/index.php?rest_route=\/wp\/v2\/posts\/1749","targetHints":{"allow":["GET"]}}],"collection":[{"href":"https:\/\/ziya.info.az\/index.php?rest_route=\/wp\/v2\/posts"}],"about":[{"href":"https:\/\/ziya.info.az\/index.php?rest_route=\/wp\/v2\/types\/post"}],"author":[{"embeddable":true,"href":"https:\/\/ziya.info.az\/index.php?rest_route=\/wp\/v2\/users\/2"}],"replies":[{"embeddable":true,"href":"https:\/\/ziya.info.az\/index.php?rest_route=%2Fwp%2Fv2%2Fcomments&post=1749"}],"version-history":[{"count":1,"href":"https:\/\/ziya.info.az\/index.php?rest_route=\/wp\/v2\/posts\/1749\/revisions"}],"predecessor-version":[{"id":1751,"href":"https:\/\/ziya.info.az\/index.php?rest_route=\/wp\/v2\/posts\/1749\/revisions\/1751"}],"wp:featuredmedia":[{"embeddable":true,"href":"https:\/\/ziya.info.az\/index.php?rest_route=\/wp\/v2\/media\/1750"}],"wp:attachment":[{"href":"https:\/\/ziya.info.az\/index.php?rest_route=%2Fwp%2Fv2%2Fmedia&parent=1749"}],"wp:term":[{"taxonomy":"category","embeddable":true,"href":"https:\/\/ziya.info.az\/index.php?rest_route=%2Fwp%2Fv2%2Fcategories&post=1749"},{"taxonomy":"post_tag","embeddable":true,"href":"https:\/\/ziya.info.az\/index.php?rest_route=%2Fwp%2Fv2%2Ftags&post=1749"}],"curies":[{"name":"wp","href":"https:\/\/api.w.org\/{rel}","templated":true}]}}