{"id":1746,"date":"2023-12-08T23:03:27","date_gmt":"2023-12-08T19:03:27","guid":{"rendered":"https:\/\/ziya.info.az\/?p=1746"},"modified":"2023-12-08T23:03:27","modified_gmt":"2023-12-08T19:03:27","slug":"simuz%c9%99r-feyzullayeva-sob%c9%99-mudiri-t%c9%99yin-olunub","status":"publish","type":"post","link":"https:\/\/ziya.info.az\/?p=1746","title":{"rendered":"Simuz\u0259r Feyzullayeva \u015f\u00f6b\u0259 m\u00fcdiri t\u0259yin olunub"},"content":{"rendered":"<p>&nbsp;<\/p>\n<p><em><span style=\"color: #ff0000;\"><b>T\u018fBR\u0130K ED\u0130R\u0130K!..<\/b><\/span><\/em><\/p>\n<p>&nbsp;<\/p>\n<p><span style=\"color: #ff0000;\"><strong>Elm v\u0259 T\u0259hsil Nazirliyinin aparat\u0131nda struktur d\u0259yi\u015fiklikl\u0259ri edilib.\u00a0<\/strong><\/span><\/p>\n<p><span style=\"color: #ff0000;\"><strong>Nazirin m\u00fcvafiq \u0259mri il\u0259 Apar\u0131lan v\u0259zif\u0259 d\u0259yi\u015fiklikl\u0259rin\u0259 \u0259sas\u0259n, <\/strong><\/span><\/p>\n<p><span style=\"color: #ff0000;\"><strong>Simuz\u0259r Feyzullayeva Beyn\u0259lxalq \u0259m\u0259kda\u015fl\u0131q \u015f\u00f6b\u0259sinin m\u00fcdiri t\u0259yin olunub.<\/strong><\/span><\/p>\n<p><b>Simuz\u0259r Rafiq q\u0131z\u0131 Feyzullayeva\u00a0<\/b>&#8211;<br \/>\n1987-ci ild\u0259 Bak\u0131da ziyal\u0131 ail\u0259sind\u0259 anadan olub.<br \/>\nBak\u0131n\u0131n S\u0259bail rayonunda yerl\u0259\u015f\u0259n 219 sayl\u0131<br \/>\norta m\u0259kt\u0259bd\u0259 t\u0259hsil al\u0131b.<br \/>\n2004-c\u00fc ild\u0259 565 balla Bak\u0131 D\u00f6vl\u0259t Universitetinin<br \/>\n&#8220;H\u00fcquq\u201d Fakult\u0259sin\u0259 daxil olub.<br \/>\n2008-ci ild\u0259 Bak\u0131 D\u00f6vl\u0259t Universitetind\u0259<br \/>\nh\u00fcquq\u015f\u00fcnasl\u0131q ixtisas\u0131 \u00fczr\u0259 bakalavr,<br \/>\n2010-cu ild\u0259 is\u0259 magistr d\u0259r\u0259c\u0259si \u0259ld\u0259 edib.<\/p>\n<p>Simuz\u0259r Feyzullayeva 2010-cu ild\u0259 Bak\u0131 D\u00f6vl\u0259t Universitetinin Kommersiya h\u00fcququ magistr proqram\u0131nda t\u0259hil alark\u0259n Vyana \u015f\u0259h\u0259rind\u0259 17-ci V\u0130S Beyn\u0259lxalq Kommersiya Arbitraj\u0131 M\u00fcsabiq\u0259sind\u0259 i\u015ftirak edib.<br \/>\nBoston Universitetind\u0259 h\u00fcquq\u015f\u00fcnasl\u0131q ixtisas\u0131 \u00fczr\u0259 magistr t\u0259hsilini (LL.M.) 2011-ci ild\u0259 ba\u015fa vurub.<br \/>\nS.Feyzullayeva 2011-2018-ci ill\u0259rd\u0259 &#8220;Baker&amp;Mckenzi\u201d beyn\u0259lxalq h\u00fcquq \u015firk\u0259tind\u0259 ba\u015f h\u00fcquq\u015f\u00fcnas, 2018-2019-cu ill\u0259rd\u0259 &#8220;KPMG\u201d beyn\u0259lxalq audit \u015firk\u0259tind\u0259 h\u00fcquq meneceri, 2019-cu ild\u0259n is\u0259 T\u0259hsil \u0130nstitutunda Layih\u0259 Katibliyinin r\u0259hb\u0259ri v\u0259zif\u0259sind\u0259 \u00e7al\u0131\u015f\u0131b.<\/p>\n<p>Simuz\u0259r Feyzullayeva &#8220;KPMG Azerbaijan Ltd\u201d \u015firk\u0259tind\u0259 \u00e7al\u0131\u015fan zaman \u2013 2019-cu ild\u0259 Ba\u015f nazirin m\u00fcavini Yaqub Eyyubovun \u0259mri il\u0259 Az\u0259rbaycan Respublikas\u0131 Biznes m\u00fchiti v\u0259 beyn\u0259lxalq reytinql\u0259r \u00fczr\u0259 Komissiyas\u0131n\u0131n \u0130\u015f\u00e7i qruplar\u0131n\u0131n t\u0259rkibin\u0259 daxil edilib.<\/p>\n<p>2020-ci il avqustun 17-d\u0259\u00a0 T\u0259hsil naziri Emin \u018fmrullayev Simuz\u0259r Feyzullayevan\u0131<br \/>\nnazirin m\u00fc\u015faviri t\u0259yin edib.<\/p>\n<p><b><span style=\"color: #ff0000;\"><i>Biz d\u0259 h\u00f6rm\u0259tli Simuz\u0259r xan\u0131m Feyzullayevan\u0131 yeni v\u0259zif\u0259y\u0259<br \/>\nt\u0259yin edilm\u0259si m\u00fcnasib\u0259til\u0259 \u00fcr\u0259kd\u0259n t\u0259brik edir v\u0259 ona yeni-yeni u\u011furlar arzulay\u0131r\u0131q!..<\/i><\/span><br \/>\n<\/b><b><br \/>\n<span style=\"color: #3366ff;\">ZiM.Az<\/span><\/b><\/p>\n<p><img fetchpriority=\"high\" decoding=\"async\" class=\"alignnone wp-image-1860\" src=\"https:\/\/zefer.info.az\/wp-content\/uploads\/2023\/12\/Rafiq-Feyzullayev-0011.jpg\" alt=\"\" width=\"200\" height=\"278\" \/><\/p>\n<p><b>P.S. :<br \/>\nOnu da bildir\u0259k ki, Simuz\u0259r Feyzullayeva 1989-1992-ci ill\u0259rd\u0259 Az\u0259rbaycan Respublikas\u0131n\u0131n xalq t\u0259hsili naziri v\u0259zif\u0259sind\u0259 \u00e7al\u0131\u015fm\u0131\u015f, 15 sentyabr 1992-ci ild\u0259 Az\u0259rbaycan Prezident \u018fb\u00fclf\u0259z El\u00e7ib\u0259yin F\u0259rman\u0131 il\u0259 Az\u0259rbaycan Respublikas\u0131 m\u00fcdafi\u0259 nazirinin h\u0259rbi t\u0259dris m\u00fc\u0259ssis\u0259l\u0259ri v\u0259 xarici \u00f6lk\u0259l\u0259rd\u0259 t\u0259hsil alanlar \u00fczr\u0259 m\u00fcavini v\u0259zif\u0259sin\u0259 t\u0259yin olunmu\u015f tan\u0131nm\u0131\u015f alim, riyaziyyat elml\u0259ri doktoru, professor, \u018fm\u0259kdar elm xadimi\u00a0<a href=\"http:\/\/zim.az\/unutsaq-unudulariq\/5022-professor-rafiq-feyzullayev-1943-2001.html\" rel=\"nofollow noopener\" target=\"_blank\">Rafiq Baba\u015f o\u011flu Feyzullayev<\/a>\u00a0in q\u0131z\u0131d\u0131r.<\/b><\/p>\n<p>&nbsp;<\/p>\n<p>.<\/p>\n","protected":false},"excerpt":{"rendered":"<p>&nbsp; T\u018fBR\u0130K ED\u0130R\u0130K!.. &nbsp; Elm v\u0259 T\u0259hsil Nazirliyinin aparat\u0131nda struktur d\u0259yi\u015fiklikl\u0259ri edilib.\u00a0 Nazirin m\u00fcvafiq \u0259mri&#8230;<\/p>\n","protected":false},"author":2,"featured_media":1747,"comment_status":"open","ping_status":"open","sticky":false,"template":"","format":"standard","meta":{"footnotes":""},"categories":[100,68],"tags":[],"class_list":["post-1746","post","type-post","status-publish","format-standard","has-post-thumbnail","hentry","category-nazirlik","category-tbriklr"],"featured_image_urls":{"full":["https:\/\/ziya.info.az\/wp-content\/uploads\/2023\/12\/Simuzer-Feyzullayeva.jpg",196,256,false],"thumbnail":["https:\/\/ziya.info.az\/wp-content\/uploads\/2023\/12\/Simuzer-Feyzullayeva-150x150.jpg",150,150,true],"medium":["https:\/\/ziya.info.az\/wp-content\/uploads\/2023\/12\/Simuzer-Feyzullayeva.jpg",196,256,false],"medium_large":["https:\/\/ziya.info.az\/wp-content\/uploads\/2023\/12\/Simuzer-Feyzullayeva.jpg",196,256,false],"large":["https:\/\/ziya.info.az\/wp-content\/uploads\/2023\/12\/Simuzer-Feyzullayeva.jpg",196,256,false],"1536x1536":["https:\/\/ziya.info.az\/wp-content\/uploads\/2023\/12\/Simuzer-Feyzullayeva.jpg",196,256,false],"2048x2048":["https:\/\/ziya.info.az\/wp-content\/uploads\/2023\/12\/Simuzer-Feyzullayeva.jpg",196,256,false],"newsphere-slider-full":["https:\/\/ziya.info.az\/wp-content\/uploads\/2023\/12\/Simuzer-Feyzullayeva.jpg",196,256,false],"newsphere-featured":["https:\/\/ziya.info.az\/wp-content\/uploads\/2023\/12\/Simuzer-Feyzullayeva.jpg",196,256,false],"newsphere-medium":["https:\/\/ziya.info.az\/wp-content\/uploads\/2023\/12\/Simuzer-Feyzullayeva.jpg",196,256,false]},"author_info":{"display_name":"Z\u0130YA.\u0130NFO.AZ","author_link":"https:\/\/ziya.info.az\/author\/admin"},"category_info":"<a href=\"https:\/\/ziya.info.az\/?cat=100\" rel=\"category\">Nazirlik<\/a> <a href=\"https:\/\/ziya.info.az\/?cat=68\" rel=\"category\">T\u0259brikl\u0259r<\/a>","tag_info":"T\u0259brikl\u0259r","comment_count":"0","_links":{"self":[{"href":"https:\/\/ziya.info.az\/index.php?rest_route=\/wp\/v2\/posts\/1746","targetHints":{"allow":["GET"]}}],"collection":[{"href":"https:\/\/ziya.info.az\/index.php?rest_route=\/wp\/v2\/posts"}],"about":[{"href":"https:\/\/ziya.info.az\/index.php?rest_route=\/wp\/v2\/types\/post"}],"author":[{"embeddable":true,"href":"https:\/\/ziya.info.az\/index.php?rest_route=\/wp\/v2\/users\/2"}],"replies":[{"embeddable":true,"href":"https:\/\/ziya.info.az\/index.php?rest_route=%2Fwp%2Fv2%2Fcomments&post=1746"}],"version-history":[{"count":1,"href":"https:\/\/ziya.info.az\/index.php?rest_route=\/wp\/v2\/posts\/1746\/revisions"}],"predecessor-version":[{"id":1748,"href":"https:\/\/ziya.info.az\/index.php?rest_route=\/wp\/v2\/posts\/1746\/revisions\/1748"}],"wp:featuredmedia":[{"embeddable":true,"href":"https:\/\/ziya.info.az\/index.php?rest_route=\/wp\/v2\/media\/1747"}],"wp:attachment":[{"href":"https:\/\/ziya.info.az\/index.php?rest_route=%2Fwp%2Fv2%2Fmedia&parent=1746"}],"wp:term":[{"taxonomy":"category","embeddable":true,"href":"https:\/\/ziya.info.az\/index.php?rest_route=%2Fwp%2Fv2%2Fcategories&post=1746"},{"taxonomy":"post_tag","embeddable":true,"href":"https:\/\/ziya.info.az\/index.php?rest_route=%2Fwp%2Fv2%2Ftags&post=1746"}],"curies":[{"name":"wp","href":"https:\/\/api.w.org\/{rel}","templated":true}]}}