{"id":1737,"date":"2023-12-08T22:31:30","date_gmt":"2023-12-08T18:31:30","guid":{"rendered":"https:\/\/ziya.info.az\/?p=1737"},"modified":"2023-12-08T22:36:10","modified_gmt":"2023-12-08T18:36:10","slug":"1737","status":"publish","type":"post","link":"https:\/\/ziya.info.az\/?p=1737","title":{"rendered":"S\u0259buhi Rzayev\u0259 yeni v\u0259zif\u0259 verilib"},"content":{"rendered":"<p>&nbsp;<\/p>\n<p><em><span style=\"color: #ff0000;\"><strong>T\u018fBR\u0130K ED\u0130R\u0130K!..<\/strong><\/span><\/em><\/p>\n<div><\/div>\n<div><span style=\"color: #ff0000;\"><b>S\u0259buhi Rzayev Elm v\u0259 T\u0259hsil Nazirliyinin ictimaiyy\u0259tl\u0259 \u0259laq\u0259l\u0259r v\u0259 kommunikasiya \u015f\u00f6b\u0259sinin m\u00fcdiri t\u0259yin edilib.<\/b><\/span><\/div>\n<div><\/div>\n<div>ZiM.Az x\u0259b\u0259r verir ki, Elm v\u0259 T\u0259hsil Nazirliyinin aparat\u0131nda struktur d\u0259yi\u015fikliyi ba\u015f verib.<\/div>\n<div><\/div>\n<div>Apar\u0131lan islahatlar\u0131n fonunda nazirliyin aparat\u0131nda \u015f\u00f6b\u0259 v\u0259 sektorlar yenid\u0259n adland\u0131r\u0131l\u0131b v\u0259 v\u0259zif\u0259 d\u0259yi\u015fiklikl\u0259ri h\u0259yata ke\u00e7irilib.<\/div>\n<div><\/div>\n<div>Yeni yarad\u0131lan \u0130ctimaiyy\u0259tl\u0259 \u0259laq\u0259l\u0259r v\u0259 kommunikasiya \u015f\u00f6b\u0259sinin m\u00fcdiri S\u0259buhi Rzayev t\u0259yin edilib.<\/div>\n<div><\/div>\n<div>1988-ci il t\u0259v\u0259ll\u00fcdl\u00fc S\u0259buhi Rzayev Az\u0259rbaycan Respublikas\u0131n\u0131n Prezidenti yan\u0131nda D\u00f6vl\u0259t \u0130dar\u0259\u00e7ilik Akademiyas\u0131nda bakalavr v\u0259 \u201c2007-2015 Xaricd\u0259 T\u0259hsil D\u00f6vl\u0259t Proqram\u0131\u201d \u00e7\u0259r\u00e7iv\u0259sind\u0259 magistratura s\u0259viyy\u0259si \u00fczr\u0259 B\u00f6y\u00fck Britaniyan\u0131n York Universitetind\u0259 d\u00f6vl\u0259t idar\u0259etm\u0259si v\u0259 ictimai siyas\u0259t ixtisas\u0131nda t\u0259hsil al\u0131b.<\/div>\n<div><\/div>\n<div>O, bu t\u0259yinata q\u0259d\u0259r nazirliyin \u0130nformasiya v\u0259 v\u0259t\u0259nda\u015flara xidm\u0259t \u015f\u00f6b\u0259sinin m\u00fcdir m\u00fcavini v\u0259zif\u0259sind\u0259 \u00e7al\u0131\u015f\u0131b.<\/div>\n<div><\/div>\n<div><span style=\"color: #ff0000;\"><b>S\u0259buhi m\u00fc\u0259llimi yeni v\u0259zif\u0259y\u0259 t\u0259yin olunmas\u0131 m\u00fcnasib\u0259til\u0259 \u00fcr\u0259kd\u0259n t\u0259brik edir v\u0259 ona yeni-yeni u\u011furlar arzulay\u0131r\u0131q!..<\/b><\/span><\/div>\n<div><\/div>\n<div><span style=\"color: #3366ff;\"><strong>M\u00fc\u015ffiq BOR\u00c7ALI,<\/strong><\/span><br \/>\n<span style=\"color: #3366ff;\"><strong><em>ZiM.Az<\/em><\/strong><\/span><\/div>\n<div><\/div>\n<div><\/div>\n<div><\/div>\n<div><\/div>\n<div><\/div>\n","protected":false},"excerpt":{"rendered":"<p>&nbsp; T\u018fBR\u0130K ED\u0130R\u0130K!.. S\u0259buhi Rzayev Elm v\u0259 T\u0259hsil Nazirliyinin ictimaiyy\u0259tl\u0259 \u0259laq\u0259l\u0259r v\u0259 kommunikasiya \u015f\u00f6b\u0259sinin m\u00fcdiri&#8230;<\/p>\n","protected":false},"author":2,"featured_media":1738,"comment_status":"open","ping_status":"open","sticky":false,"template":"","format":"standard","meta":{"footnotes":""},"categories":[100,68],"tags":[],"class_list":["post-1737","post","type-post","status-publish","format-standard","has-post-thumbnail","hentry","category-nazirlik","category-tbriklr"],"featured_image_urls":{"full":["https:\/\/ziya.info.az\/wp-content\/uploads\/2023\/12\/Sebuhi-Rzayev-001.jpg",262,231,false],"thumbnail":["https:\/\/ziya.info.az\/wp-content\/uploads\/2023\/12\/Sebuhi-Rzayev-001-150x150.jpg",150,150,true],"medium":["https:\/\/ziya.info.az\/wp-content\/uploads\/2023\/12\/Sebuhi-Rzayev-001.jpg",262,231,false],"medium_large":["https:\/\/ziya.info.az\/wp-content\/uploads\/2023\/12\/Sebuhi-Rzayev-001.jpg",262,231,false],"large":["https:\/\/ziya.info.az\/wp-content\/uploads\/2023\/12\/Sebuhi-Rzayev-001.jpg",262,231,false],"1536x1536":["https:\/\/ziya.info.az\/wp-content\/uploads\/2023\/12\/Sebuhi-Rzayev-001.jpg",262,231,false],"2048x2048":["https:\/\/ziya.info.az\/wp-content\/uploads\/2023\/12\/Sebuhi-Rzayev-001.jpg",262,231,false],"newsphere-slider-full":["https:\/\/ziya.info.az\/wp-content\/uploads\/2023\/12\/Sebuhi-Rzayev-001.jpg",262,231,false],"newsphere-featured":["https:\/\/ziya.info.az\/wp-content\/uploads\/2023\/12\/Sebuhi-Rzayev-001.jpg",262,231,false],"newsphere-medium":["https:\/\/ziya.info.az\/wp-content\/uploads\/2023\/12\/Sebuhi-Rzayev-001.jpg",262,231,false]},"author_info":{"display_name":"Z\u0130YA.\u0130NFO.AZ","author_link":"https:\/\/ziya.info.az\/author\/admin"},"category_info":"<a href=\"https:\/\/ziya.info.az\/?cat=100\" rel=\"category\">Nazirlik<\/a> <a href=\"https:\/\/ziya.info.az\/?cat=68\" rel=\"category\">T\u0259brikl\u0259r<\/a>","tag_info":"T\u0259brikl\u0259r","comment_count":"0","_links":{"self":[{"href":"https:\/\/ziya.info.az\/index.php?rest_route=\/wp\/v2\/posts\/1737","targetHints":{"allow":["GET"]}}],"collection":[{"href":"https:\/\/ziya.info.az\/index.php?rest_route=\/wp\/v2\/posts"}],"about":[{"href":"https:\/\/ziya.info.az\/index.php?rest_route=\/wp\/v2\/types\/post"}],"author":[{"embeddable":true,"href":"https:\/\/ziya.info.az\/index.php?rest_route=\/wp\/v2\/users\/2"}],"replies":[{"embeddable":true,"href":"https:\/\/ziya.info.az\/index.php?rest_route=%2Fwp%2Fv2%2Fcomments&post=1737"}],"version-history":[{"count":7,"href":"https:\/\/ziya.info.az\/index.php?rest_route=\/wp\/v2\/posts\/1737\/revisions"}],"predecessor-version":[{"id":1745,"href":"https:\/\/ziya.info.az\/index.php?rest_route=\/wp\/v2\/posts\/1737\/revisions\/1745"}],"wp:featuredmedia":[{"embeddable":true,"href":"https:\/\/ziya.info.az\/index.php?rest_route=\/wp\/v2\/media\/1738"}],"wp:attachment":[{"href":"https:\/\/ziya.info.az\/index.php?rest_route=%2Fwp%2Fv2%2Fmedia&parent=1737"}],"wp:term":[{"taxonomy":"category","embeddable":true,"href":"https:\/\/ziya.info.az\/index.php?rest_route=%2Fwp%2Fv2%2Fcategories&post=1737"},{"taxonomy":"post_tag","embeddable":true,"href":"https:\/\/ziya.info.az\/index.php?rest_route=%2Fwp%2Fv2%2Ftags&post=1737"}],"curies":[{"name":"wp","href":"https:\/\/api.w.org\/{rel}","templated":true}]}}