{"id":1476,"date":"2023-10-03T16:51:40","date_gmt":"2023-10-03T12:51:40","guid":{"rendered":"https:\/\/ziya.info.az\/?p=1476"},"modified":"2023-10-03T16:51:40","modified_gmt":"2023-10-03T12:51:40","slug":"turkiy%c9%99nin-s%c9%99naye-v%c9%99-texnologiyalar-naziri-bilisim-vadisi-bakida-yeni-rezidentl%c9%99rin-acilisini-edib","status":"publish","type":"post","link":"https:\/\/ziya.info.az\/?p=1476","title":{"rendered":"T\u00fcrkiy\u0259nin s\u0259naye v\u0259 texnologiyalar naziri \u201cBili\u015fim Vadisi Bak\u0131\u201dda yeni rezidentl\u0259rin a\u00e7\u0131l\u0131\u015f\u0131n\u0131 edib"},"content":{"rendered":"<p><span style=\"color: #3366ff;\"><strong>T\u00fcrkiy\u0259nin s\u0259naye v\u0259 texnologiyalar naziri Mehmet Fatih Kac\u0131r, T\u00fcrkiy\u0259nin Az\u0259rbaycandak\u0131 s\u0259firi Cahit Ba\u011f\u00e7\u0131 v\u0259 T\u00fcrkiy\u0259 Respublikas\u0131 Prezidenti Administrasiyas\u0131n\u0131n R\u0259q\u0259msal Transformasiya Ofisinin r\u0259hb\u0259ri Ali Taha Ko\u00e7 Az\u0259rbaycan Texniki Universitetind\u0259 (AzTU) f\u0259aliyy\u0259t g\u00f6st\u0259r\u0259n \u201cBili\u015fim Vadisi Bak\u0131\u201dn\u0131 ziyar\u0259t edib.<\/strong><\/span><\/p>\n<p><span style=\"color: #3366ff;\">Qonaqlar\u0131 <strong>AzTU-nun rektoru Vilay\u0259t V\u0259liyev<\/strong> v\u0259 <strong>Bili\u015fim Vadisinin\u00a0ba\u015f direktoru Ahmet Serdar \u0130brahimcio\u011flu<\/strong> qar\u015f\u0131lay\u0131b.<\/span><\/p>\n<p><img fetchpriority=\"high\" decoding=\"async\" class=\"alignnone  wp-image-1478\" src=\"https:\/\/ziya.info.az\/wp-content\/uploads\/2023\/10\/Bilisim-001-b-300x165.jpg\" alt=\"\" width=\"449\" height=\"247\" srcset=\"https:\/\/ziya.info.az\/wp-content\/uploads\/2023\/10\/Bilisim-001-b-300x165.jpg 300w, https:\/\/ziya.info.az\/wp-content\/uploads\/2023\/10\/Bilisim-001-b.jpg 550w\" sizes=\"(max-width: 449px) 100vw, 449px\" \/><\/p>\n<p><img decoding=\"async\" class=\"alignnone  wp-image-1479\" src=\"https:\/\/ziya.info.az\/wp-content\/uploads\/2023\/10\/Bilisim-002-300x188.jpg\" alt=\"\" width=\"450\" height=\"282\" srcset=\"https:\/\/ziya.info.az\/wp-content\/uploads\/2023\/10\/Bilisim-002-300x188.jpg 300w, https:\/\/ziya.info.az\/wp-content\/uploads\/2023\/10\/Bilisim-002.jpg 550w\" sizes=\"(max-width: 450px) 100vw, 450px\" \/><\/p>\n<p><img decoding=\"async\" class=\"alignnone  wp-image-1480\" src=\"https:\/\/ziya.info.az\/wp-content\/uploads\/2023\/10\/Bilisim-003-300x179.jpg\" alt=\"\" width=\"450\" height=\"269\" srcset=\"https:\/\/ziya.info.az\/wp-content\/uploads\/2023\/10\/Bilisim-003-300x179.jpg 300w, https:\/\/ziya.info.az\/wp-content\/uploads\/2023\/10\/Bilisim-003.jpg 550w\" sizes=\"(max-width: 450px) 100vw, 450px\" \/><\/p>\n<p><img loading=\"lazy\" decoding=\"async\" class=\"alignnone  wp-image-1481\" src=\"https:\/\/ziya.info.az\/wp-content\/uploads\/2023\/10\/Bilisim-000-300x248.jpg\" alt=\"\" width=\"450\" height=\"372\" srcset=\"https:\/\/ziya.info.az\/wp-content\/uploads\/2023\/10\/Bilisim-000-300x248.jpg 300w, https:\/\/ziya.info.az\/wp-content\/uploads\/2023\/10\/Bilisim-000.jpg 550w\" sizes=\"(max-width: 450px) 100vw, 450px\" \/><\/p>\n<p>\u018fvv\u0259lc\u0259 \u201cBili\u015fim Vadisi Bak\u0131\u201dn\u0131n direktoru Qam\u0259t K\u0259rimov texnoparkda \u00a0g\u00f6r\u00fcl\u0259n i\u015fl\u0259r, rezident \u015firk\u0259tl\u0259r haqq\u0131nda m\u0259lumat verib. Daha sonra \u00f6t\u0259n ay AzTU-da ke\u00e7iril\u0259n \u201cDIGIAGE &#8211; Bak\u0131\u201d r\u0259q\u0259msal oyun d\u00fc\u015f\u0259rg\u0259sin\u0259 qat\u0131lan komandalar \u00f6z t\u0259qdimatlar\u0131n\u0131 n\u00fcmayi\u015f etdirib. \u00a0Qeyd olunub ki, r\u0259q\u0259msal oyun d\u00fc\u015f\u0259rg\u0259sind\u0259 u\u011furlu olan 3 startapa investisiya ayr\u0131l\u0131b. T\u0259dbir \u00e7\u0259r\u00e7iv\u0259sind\u0259 \u201cHavelsan\u201d v\u0259 \u201cBaykar\u201d \u015firk\u0259tl\u0259rinin \u0259n b\u00f6y\u00fck t\u0259r\u0259fda\u015flar\u0131ndan olan \u201cOrdulu Texnologiya\u201d \u015firk\u0259tinin T\u0259dqiqat v\u0259 \u0130nki\u015faf m\u0259rk\u0259zl\u0259rinin, h\u0259m\u00e7inin Avropan\u0131n \u0259n b\u00f6y\u00fck m\u00fcdafi\u0259, aviasiya v\u0259 aerokosmik klasteri olan \u201cSAHA \u0130stanbul\u201dun Az\u0259rbaycan M\u0259rk\u0259zinin a\u00e7\u0131l\u0131\u015f\u0131 olub.<\/p>\n<p>&nbsp;<\/p>\n","protected":false},"excerpt":{"rendered":"<p>T\u00fcrkiy\u0259nin s\u0259naye v\u0259 texnologiyalar naziri Mehmet Fatih Kac\u0131r, T\u00fcrkiy\u0259nin Az\u0259rbaycandak\u0131 s\u0259firi Cahit Ba\u011f\u00e7\u0131 v\u0259 T\u00fcrkiy\u0259&#8230;<\/p>\n","protected":false},"author":2,"featured_media":1477,"comment_status":"open","ping_status":"open","sticky":false,"template":"","format":"standard","meta":{"footnotes":""},"categories":[3,16],"tags":[],"class_list":["post-1476","post","type-post","status-publish","format-standard","has-post-thumbnail","hentry","category-aztu","category-turan"],"featured_image_urls":{"full":["https:\/\/ziya.info.az\/wp-content\/uploads\/2023\/10\/Bilisim-001.jpg",550,409,false],"thumbnail":["https:\/\/ziya.info.az\/wp-content\/uploads\/2023\/10\/Bilisim-001-150x150.jpg",150,150,true],"medium":["https:\/\/ziya.info.az\/wp-content\/uploads\/2023\/10\/Bilisim-001-300x223.jpg",300,223,true],"medium_large":["https:\/\/ziya.info.az\/wp-content\/uploads\/2023\/10\/Bilisim-001.jpg",550,409,false],"large":["https:\/\/ziya.info.az\/wp-content\/uploads\/2023\/10\/Bilisim-001.jpg",550,409,false],"1536x1536":["https:\/\/ziya.info.az\/wp-content\/uploads\/2023\/10\/Bilisim-001.jpg",550,409,false],"2048x2048":["https:\/\/ziya.info.az\/wp-content\/uploads\/2023\/10\/Bilisim-001.jpg",550,409,false],"newsphere-slider-full":["https:\/\/ziya.info.az\/wp-content\/uploads\/2023\/10\/Bilisim-001.jpg",550,409,false],"newsphere-featured":["https:\/\/ziya.info.az\/wp-content\/uploads\/2023\/10\/Bilisim-001.jpg",550,409,false],"newsphere-medium":["https:\/\/ziya.info.az\/wp-content\/uploads\/2023\/10\/Bilisim-001-550x380.jpg",550,380,true]},"author_info":{"display_name":"Z\u0130YA.\u0130NFO.AZ","author_link":"https:\/\/ziya.info.az\/author\/admin"},"category_info":"<a href=\"https:\/\/ziya.info.az\/?cat=3\" rel=\"category\">AzTU<\/a> <a href=\"https:\/\/ziya.info.az\/?cat=16\" rel=\"category\">TURAN<\/a>","tag_info":"TURAN","comment_count":"0","_links":{"self":[{"href":"https:\/\/ziya.info.az\/index.php?rest_route=\/wp\/v2\/posts\/1476","targetHints":{"allow":["GET"]}}],"collection":[{"href":"https:\/\/ziya.info.az\/index.php?rest_route=\/wp\/v2\/posts"}],"about":[{"href":"https:\/\/ziya.info.az\/index.php?rest_route=\/wp\/v2\/types\/post"}],"author":[{"embeddable":true,"href":"https:\/\/ziya.info.az\/index.php?rest_route=\/wp\/v2\/users\/2"}],"replies":[{"embeddable":true,"href":"https:\/\/ziya.info.az\/index.php?rest_route=%2Fwp%2Fv2%2Fcomments&post=1476"}],"version-history":[{"count":1,"href":"https:\/\/ziya.info.az\/index.php?rest_route=\/wp\/v2\/posts\/1476\/revisions"}],"predecessor-version":[{"id":1482,"href":"https:\/\/ziya.info.az\/index.php?rest_route=\/wp\/v2\/posts\/1476\/revisions\/1482"}],"wp:featuredmedia":[{"embeddable":true,"href":"https:\/\/ziya.info.az\/index.php?rest_route=\/wp\/v2\/media\/1477"}],"wp:attachment":[{"href":"https:\/\/ziya.info.az\/index.php?rest_route=%2Fwp%2Fv2%2Fmedia&parent=1476"}],"wp:term":[{"taxonomy":"category","embeddable":true,"href":"https:\/\/ziya.info.az\/index.php?rest_route=%2Fwp%2Fv2%2Fcategories&post=1476"},{"taxonomy":"post_tag","embeddable":true,"href":"https:\/\/ziya.info.az\/index.php?rest_route=%2Fwp%2Fv2%2Ftags&post=1476"}],"curies":[{"name":"wp","href":"https:\/\/api.w.org\/{rel}","templated":true}]}}