{"id":1454,"date":"2023-10-02T21:12:00","date_gmt":"2023-10-02T17:12:00","guid":{"rendered":"https:\/\/ziya.info.az\/?p=1454"},"modified":"2023-10-02T21:40:35","modified_gmt":"2023-10-02T17:40:35","slug":"elm-v%c9%99-ali-t%c9%99hsil-uzr%c9%99-dovl%c9%99t-agentliyin%c9%99-direktor-t%c9%99yin-olunub","status":"publish","type":"post","link":"https:\/\/ziya.info.az\/?p=1454","title":{"rendered":"Elm v\u0259 Ali T\u0259hsil \u00fczr\u0259 D\u00f6vl\u0259t Agentliyin\u0259 direktor t\u0259yin olunub"},"content":{"rendered":"<p><span style=\"color: #ff0000;\"><i><b>T\u018fBR\u0130K ED\u0130R\u0130K!..<\/b><\/i><b><\/b><\/span><\/p>\n<p><strong><span style=\"color: #ff0000;\">\u00dclk\u0259r S\u0259ttarova Elm v\u0259 T\u0259hsil Nazirliyi yan\u0131nda Elm v\u0259 Ali T\u0259hsil \u00fczr\u0259 D\u00f6vl\u0259t Agentliyinin direktoru v\u0259zif\u0259sin\u0259 t\u0259yin olunub.<\/span><\/strong><\/p>\n<p><i>ZiM.Az x\u0259b\u0259r verir ki,<\/i>\u00a0bu bar\u0259d\u0259 elm v\u0259 t\u0259hsil naziri Emin \u018fmrullayev m\u00fcvafiq \u0259mr imzalay\u0131b.<\/p>\n<p>\u00dclk\u0259r S\u0259ttarova &#8211; 2004\u20132008-ci ill\u0259rd\u0259 Bak\u0131 D\u00f6vl\u0259t Universitetind\u0259 t\u0259tbiqi riyaziyyat ixtisas\u0131 \u00fczr\u0259 bakalavr, 2008\u20132010-cu ill\u0259rd\u0259 Az\u0259rbaycan Memarl\u0131q v\u0259 \u0130n\u015faat Universitetind\u0259 informasiya sisteml\u0259ri ixtisas\u0131 \u00fczr\u0259 magistr d\u0259r\u0259c\u0259l\u0259rini al\u0131b. 2011\u20132014-c\u00fc ill\u0259rd\u0259 Az\u0259rbaycan Memarl\u0131q v\u0259 \u0130n\u015faat Universitetind\u0259 sistemli analiz v\u0259 informasiyan\u0131n i\u015fl\u0259nm\u0259si ixtisas\u0131 \u00fczr\u0259 dissertantura, 2014\u20132019-cu ill\u0259rd\u0259 is\u0259 Az\u0259rbaycan Milli Elml\u0259r Akademiyas\u0131n\u0131n (AMEA) \u0130dar\u0259etm\u0259 Sisteml\u0259ri \u0130nstitutunun Fransan\u0131n Monpelye Universiteti il\u0259 birg\u0259 t\u0259klif etdiyi sistemli analiz v\u0259 informasiyan\u0131n i\u015fl\u0259nm\u0259si ixtisas\u0131 \u00fczr\u0259 doktorantura t\u0259hsili al\u0131b. 2020-ci ild\u0259n Niderland Krall\u0131\u011f\u0131n\u0131n Maastrixt Universitetind\u0259 t\u0259hsilin idar\u0259 olunmas\u0131 ixtisas\u0131 \u00fczr\u0259 doktorantura t\u0259hsilini davam etdirir.<\/p>\n<p>\u00dclk\u0259r S\u0259ttarova 2004\u20132016-c\u0131 ill\u0259rd\u0259 AMEA-n\u0131n \u0130dar\u0259etm\u0259 Sisteml\u0259ri \u0130nstitutunda t\u0259dqiqat\u00e7\u0131, 2014\u20132018-ci ill\u0259rd\u0259 Az\u0259rbaycan Memarl\u0131q v\u0259 \u0130n\u015faat Universitetind\u0259 Strateji planla\u015fd\u0131rma departamentinin m\u00fcdiri, 2018\u20132020-ci ill\u0259rd\u0259 strateji inki\u015faf \u00fczr\u0259 prorektor olaraq f\u0259aliyy\u0259t g\u00f6st\u0259rib. 2020\u20132021-ci ill\u0259rd\u0259 elm v\u0259 t\u0259hsil nazirinin m\u00fc\u015faviri, 2022\u20132023-c\u00fc ill\u0259rd\u0259 T\u0259hsild\u0259 Keyfiyy\u0259t T\u0259minat\u0131 Agentliyinin \u0130dar\u0259 Hey\u0259tinin s\u0259dri v\u0259zif\u0259l\u0259rind\u0259 \u00e7al\u0131\u015f\u0131b.<\/p>\n<p><i>Qeyd ed\u0259k ki,<\/i>\u00a0\u00dclk\u0259r S\u0259ttarova M\u0259rk\u0259zi v\u0259 \u015e\u0259rqi Avropa \u00d6lk\u0259l\u0259rinin Ali T\u0259hsild\u0259 Keyfiyy\u0259t T\u0259minat\u0131 Agentlikl\u0259ri \u015e\u0259b\u0259k\u0259sinin (CEENQA) ilk az\u0259rbaycanl\u0131 \u00fczv\u00fcd\u00fcr.<\/p>\n<p><b><span style=\"color: #ff0000;\"><i><img fetchpriority=\"high\" decoding=\"async\" class=\"alignnone wp-image-1468\" src=\"https:\/\/ziya.info.az\/wp-content\/uploads\/2023\/10\/Ulker-Settarova-002-300x241.jpg\" alt=\"\" width=\"383\" height=\"308\" srcset=\"https:\/\/ziya.info.az\/wp-content\/uploads\/2023\/10\/Ulker-Settarova-002-300x241.jpg 300w, https:\/\/ziya.info.az\/wp-content\/uploads\/2023\/10\/Ulker-Settarova-002.jpg 373w\" sizes=\"(max-width: 383px) 100vw, 383px\" \/><\/i><\/span><\/b><\/p>\n<p><b><span style=\"color: #ff0000;\"><i>Biz d\u0259, h\u00f6rm\u0259tli \u00dclk\u0259r xan\u0131m S\u0259ttarovan\u0131 Elm v\u0259 T\u0259hsil Nazirliyi yan\u0131nda Elm v\u0259 Ali T\u0259hsil \u00fczr\u0259 D\u00f6vl\u0259t Agentliyinin direktoru v\u0259zif\u0259sin\u0259 t\u0259yin olunmas\u0131 m\u00fcnasib\u0259til\u0259 \u00fcr\u0259kd\u0259n t\u0259brik edir v\u0259 ona yeni-yeni u\u011furlar arzulay\u0131r\u0131q!..<\/i><\/span><br \/>\n<\/b><b><br \/>\n<span style=\"color: #3366ff;\">M\u00fc\u015ffiq BOR\u00c7ALI,<\/span><br \/>\n<span style=\"color: #3366ff;\"><i>ZiM.Az<\/i><\/span><\/b><\/p>\n<p>.<\/p>\n","protected":false},"excerpt":{"rendered":"<p>T\u018fBR\u0130K ED\u0130R\u0130K!.. \u00dclk\u0259r S\u0259ttarova Elm v\u0259 T\u0259hsil Nazirliyi yan\u0131nda Elm v\u0259 Ali T\u0259hsil \u00fczr\u0259 D\u00f6vl\u0259t&#8230;<\/p>\n","protected":false},"author":2,"featured_media":1455,"comment_status":"open","ping_status":"open","sticky":false,"template":"","format":"standard","meta":{"footnotes":""},"categories":[2,100,68,17],"tags":[],"class_list":["post-1454","post","type-post","status-publish","format-standard","has-post-thumbnail","hentry","category-azrbaycan","category-nazirlik","category-tbriklr","category-xbrlr"],"featured_image_urls":{"full":["https:\/\/ziya.info.az\/wp-content\/uploads\/2023\/10\/Ulker-Settarova-001.jpg",303,349,false],"thumbnail":["https:\/\/ziya.info.az\/wp-content\/uploads\/2023\/10\/Ulker-Settarova-001-150x150.jpg",150,150,true],"medium":["https:\/\/ziya.info.az\/wp-content\/uploads\/2023\/10\/Ulker-Settarova-001-260x300.jpg",260,300,true],"medium_large":["https:\/\/ziya.info.az\/wp-content\/uploads\/2023\/10\/Ulker-Settarova-001.jpg",303,349,false],"large":["https:\/\/ziya.info.az\/wp-content\/uploads\/2023\/10\/Ulker-Settarova-001.jpg",303,349,false],"1536x1536":["https:\/\/ziya.info.az\/wp-content\/uploads\/2023\/10\/Ulker-Settarova-001.jpg",303,349,false],"2048x2048":["https:\/\/ziya.info.az\/wp-content\/uploads\/2023\/10\/Ulker-Settarova-001.jpg",303,349,false],"newsphere-slider-full":["https:\/\/ziya.info.az\/wp-content\/uploads\/2023\/10\/Ulker-Settarova-001.jpg",303,349,false],"newsphere-featured":["https:\/\/ziya.info.az\/wp-content\/uploads\/2023\/10\/Ulker-Settarova-001.jpg",303,349,false],"newsphere-medium":["https:\/\/ziya.info.az\/wp-content\/uploads\/2023\/10\/Ulker-Settarova-001.jpg",303,349,false]},"author_info":{"display_name":"Z\u0130YA.\u0130NFO.AZ","author_link":"https:\/\/ziya.info.az\/author\/admin"},"category_info":"<a href=\"https:\/\/ziya.info.az\/?cat=2\" rel=\"category\">AZ\u018fRBAYCAN<\/a> <a href=\"https:\/\/ziya.info.az\/?cat=100\" rel=\"category\">Nazirlik<\/a> <a href=\"https:\/\/ziya.info.az\/?cat=68\" rel=\"category\">T\u0259brikl\u0259r<\/a> <a href=\"https:\/\/ziya.info.az\/?cat=17\" rel=\"category\">X\u018fB\u018fRL\u018fR<\/a>","tag_info":"X\u018fB\u018fRL\u018fR","comment_count":"0","_links":{"self":[{"href":"https:\/\/ziya.info.az\/index.php?rest_route=\/wp\/v2\/posts\/1454","targetHints":{"allow":["GET"]}}],"collection":[{"href":"https:\/\/ziya.info.az\/index.php?rest_route=\/wp\/v2\/posts"}],"about":[{"href":"https:\/\/ziya.info.az\/index.php?rest_route=\/wp\/v2\/types\/post"}],"author":[{"embeddable":true,"href":"https:\/\/ziya.info.az\/index.php?rest_route=\/wp\/v2\/users\/2"}],"replies":[{"embeddable":true,"href":"https:\/\/ziya.info.az\/index.php?rest_route=%2Fwp%2Fv2%2Fcomments&post=1454"}],"version-history":[{"count":5,"href":"https:\/\/ziya.info.az\/index.php?rest_route=\/wp\/v2\/posts\/1454\/revisions"}],"predecessor-version":[{"id":1471,"href":"https:\/\/ziya.info.az\/index.php?rest_route=\/wp\/v2\/posts\/1454\/revisions\/1471"}],"wp:featuredmedia":[{"embeddable":true,"href":"https:\/\/ziya.info.az\/index.php?rest_route=\/wp\/v2\/media\/1455"}],"wp:attachment":[{"href":"https:\/\/ziya.info.az\/index.php?rest_route=%2Fwp%2Fv2%2Fmedia&parent=1454"}],"wp:term":[{"taxonomy":"category","embeddable":true,"href":"https:\/\/ziya.info.az\/index.php?rest_route=%2Fwp%2Fv2%2Fcategories&post=1454"},{"taxonomy":"post_tag","embeddable":true,"href":"https:\/\/ziya.info.az\/index.php?rest_route=%2Fwp%2Fv2%2Ftags&post=1454"}],"curies":[{"name":"wp","href":"https:\/\/api.w.org\/{rel}","templated":true}]}}