{"id":1297,"date":"2023-05-05T22:18:28","date_gmt":"2023-05-05T18:18:28","guid":{"rendered":"https:\/\/ziya.info.az\/?p=1297"},"modified":"2023-05-05T22:20:44","modified_gmt":"2023-05-05T18:20:44","slug":"1297","status":"publish","type":"post","link":"https:\/\/ziya.info.az\/?p=1297","title":{"rendered":"G\u00fclnar\u0259 \u018fhm\u0259dova: &#8220;\u015e\u0259r\u0259fli \u00f6mr\u00fcn salnam\u0259si&#8221;"},"content":{"rendered":"<p><span style=\"color: #ff0000;\"><strong>H\u0259r bir xalq\u0131n, mill\u0259tin tarixind\u0259 \u0259v\u0259zsiz xidm\u0259tl\u0259ri olan, misli-b\u0259rab\u0259ri olmayan son d\u0259r\u0259c\u0259 y\u00fcks\u0259k keyfiyy\u0259tl\u0259ri il\u0259 x\u00fcsusil\u0259 se\u00e7il\u0259n dahi \u015f\u0259xsiyy\u0259tl\u0259r olur. H\u0259min bu dahi insanlar \u00f6z pe\u015f\u0259karl\u0131\u011f\u0131, \u0259zmkarl\u0131\u011f\u0131 v\u0259 \u0259n \u0259sas\u0131 v\u0259t\u0259np\u0259rv\u0259rliyi il\u0259 h\u0259r zaman \u00f6z xalq\u0131n\u0131n arxas\u0131nda qollu-budaql\u0131 bir \u00e7inar kimi dayanma\u011f\u0131 bacarm\u0131\u015flar.<\/strong><\/span><br \/>\n<span style=\"color: #ff0000;\"><strong>Az\u0259rbaycan xalq\u0131n\u0131n da qism\u0259tin\u0259 bu c\u00fcr fenomen \u015f\u0259xsiyy\u0259t olan Heyd\u0259r \u018fliyev kimi d\u00fcha yaz\u0131lm\u0131\u015fd\u0131r. Ulu \u00f6nd\u0259r Az\u0259rbaycan\u0131n m\u00fcasir tarixind\u0259 \u00f6z qeyri-adi z\u0259kas\u0131, fitri istedad\u0131 v\u0259 z\u0259ngin d\u00fcnyag\u00f6r\u00fc\u015f\u00fc il\u0259 silinm\u0259z izl\u0259r qoyma\u011f\u0131 bacarm\u0131\u015fd\u0131r.<\/strong><\/span><\/p>\n<p><span style=\"color: #ff0000;\"><strong>Heyd\u0259r \u018fliyevin ke\u00e7mi\u015f oldu\u011fu \u015f\u0259r\u0259fli v\u0259 bir o q\u0259d\u0259r a\u011f\u0131r, m\u0259suliyy\u0259tli, y\u0259ni he\u00e7 d\u0259 ham\u0131ya qism\u0259t olmayan ke\u015fm\u0259ke\u015fli v\u0259 r\u0259ngar\u0259ng h\u0259yat yolu bu g\u00fcn h\u0259r k\u0259s\u0259 \u00f6rn\u0259kdir, bir ibr\u0259t m\u0259kt\u0259bidir.<\/strong><\/span><\/p>\n<p>Heyd\u0259r \u018fliyev sad\u0259 bir ail\u0259d\u0259 d\u00fcnyaya g\u0259lm\u0259sin\u0259 baxmayaraq (1923) art\u0131q g\u0259nc ya\u015flar\u0131ndan m\u00fch\u00fcm v\u0259zif\u0259l\u0259rd\u0259 \u00e7al\u0131\u015fma\u011fa ba\u015flam\u0131\u015fd\u0131r. Heyd\u0259r \u018fliyev 1941-1944-c\u00fc ill\u0259rd\u0259 bir s\u0131ra m\u0259sul v\u0259zif\u0259l\u0259rd\u0259 i\u015fl\u0259dikd\u0259n sonra o, 1944-c\u00fc ild\u0259 D\u00f6vl\u0259t T\u0259hl\u00fck\u0259sizliyi orqanlar\u0131nda i\u015f\u0259 ba\u015flam\u0131\u015fd\u0131r. D\u00f6vl\u0259t T\u0259hl\u00fck\u0259sizliyi orqanlar\u0131nda pill\u0259-pill\u0259 qalxaraq ir\u0259lil\u0259y\u0259n Heyd\u0259r \u018fliyev 1967-ci ild\u0259 Az\u0259rbaycan SSR Nazirl\u0259r Soveti yan\u0131nda D\u00f6vl\u0259t T\u0259hl\u00fck\u0259sizliyi Komit\u0259sinin s\u0259dri v\u0259zif\u0259sin\u0259 t\u0259yin olunur v\u0259 ona el\u0259 h\u0259min ild\u0259 general-mayor r\u00fctb\u0259si verilir.<br \/>\nN\u0259hay\u0259t 1969-cu il 14 iyul tarixind\u0259 Heyd\u0259r \u018fliyev Az\u0259rbaycan Kommunist Partiyas\u0131 M\u0259rk\u0259zi Komit\u0259sinin birinci katibi se\u00e7ilir. El\u0259 h\u0259min tarixd\u0259n d\u0259 Az\u0259rbaycan, s\u00f6z\u00fcn \u0259sl m\u0259nas\u0131nda, \u00e7i\u00e7\u0259kl\u0259nm\u0259 d\u00f6vr\u00fcn\u0259 q\u0259d\u0259m qoyur. Bu m\u00fcdd\u0259t \u0259rzind\u0259 \u00f6lk\u0259nin sosial, iqtisadi v\u0259 m\u0259d\u0259ni h\u0259yat\u0131n\u0131n inki\u015faf\u0131nda ciddi ir\u0259lil\u0259yi\u015f ba\u015f verir. Az\u0259rbaycan\u0131n ke\u00e7mi\u015f SSR\u0130-nin t\u0259rkibind\u0259ki m\u00fctt\u0259fiq respublikalardan \u0259n z\u0259if inki\u015faf ed\u0259n aqrar respublika simas\u0131 da m\u0259hz bu d\u00f6vrd\u0259 d\u0259yi\u015filir, \u00f6lk\u0259miz aqrar s\u0259naye respublikas\u0131na \u00e7evrilir, neft s\u0259nayesi inki\u015faf edir, Az\u0259rbaycan\u0131n xalq t\u0259s\u0259rr\u00fcfat\u0131na milyardlarla manat investisiya qoyulur. Elm\u0259, t\u0259hsil\u0259, m\u0259d\u0259niyy\u0259t v\u0259 inc\u0259s\u0259n\u0259t\u0259 x\u00fcsusi qay\u011f\u0131 il\u0259 yana\u015f\u0131l\u0131r. T\u0259sad\u00fcfi deyildir ki, savadl\u0131, g\u0259nc kadrlar\u0131n m\u00fcxt\u0259lif sah\u0259l\u0259r \u00fczr\u0259 t\u0259hsil almalar\u0131 \u00fc\u00e7\u00fcn respublika h\u00fcdudlar\u0131ndan k\u0259nara g\u00f6nd\u0259rilm\u0259sinin \u0259sas\u0131 da m\u0259hz h\u0259min ill\u0259rd\u0259 qoyulur.<br \/>\nUlu \u00f6nd\u0259r sovet hakimiyy\u0259ti ill\u0259rind\u0259 22 il Az\u0259rbaycan SSR\u0130 Ali Sovetinin v\u0259 SSR\u0130 Ali Sovetinin deputat\u0131 olub. 1974-1979-cu ill\u0259rd\u0259 is\u0259 SSR\u0130 Ali Soveti \u0130ttifaq Sovetinin s\u0259dr m\u00fcavini v\u0259zif\u0259sin\u0259 t\u0259yin edilib. Heyd\u0259r \u018fliyev 1976-c\u0131 ild\u0259 Sovet \u0130ttifaq\u0131 Kommunist Partiyas\u0131 M\u0259rk\u0259zi Komit\u0259sinin Siyasi B\u00fcrosunun \u00fczvl\u00fcy\u00fcn\u0259 namiz\u0259d, 1982-ci ilin dekabr\u0131nda is\u0259 Siyasi B\u00fcronun \u00fczv\u00fc se\u00e7ilib v\u0259 eyni zamanda SSR\u0130 Nazirl\u0259r Soveti s\u0259drinin birinci m\u00fcavini v\u0259zif\u0259sin\u0259 t\u0259yin olunub. Bu ill\u0259r \u0259rzind\u0259 sovet h\u00f6kum\u0259tind\u0259 xalq t\u0259s\u0259rr\u00fcfat\u0131n\u0131n bir \u00e7ox sah\u0259l\u0259ri, o c\u00fcml\u0259d\u0259n d\u0259miryolu, avtomobil, hava v\u0259 d\u0259niz n\u0259qliyyat\u0131, b\u00fct\u00f6vl\u00fckd\u0259 sosial sfera, t\u0259hsil, elm, m\u0259d\u0259niyy\u0259t kimi vacib sah\u0259l\u0259r m\u0259hz Heyd\u0259r \u018fliyevin kurasiyas\u0131nda idi.<br \/>\nLakin \u00f6lk\u0259miz\u0259 olan k\u0259nar m\u00fcdaxil\u0259l\u0259r\u0259, x\u00fcsusil\u0259 d\u0259 erm\u0259nip\u0259r\u0259st Mixail Qorba\u00e7ovun yeritdiyi antiaz\u0259rbaycan siyas\u0259tin\u0259 etiraz \u0259lam\u0259ti olaraq Heyd\u0259r \u018fliyev 1987-ci ilin oktyabr ay\u0131nda tutdu\u011fu v\u0259zif\u0259d\u0259n istefa vermi\u015fdir. 1990-c\u0131 il iyulun 20-d\u0259 Az\u0259rbaycana qay\u0131dan Heyd\u0259r \u018fliyev 1990-c\u0131 il sentyabr\u0131n 30-da ke\u00e7iril\u0259n se\u00e7kil\u0259rd\u0259 Az\u0259rbaycan SSR v\u0259 Nax\u00e7\u0131van MSSR Ali sovetl\u0259rinin deputat\u0131, 1991-ci il sentyabr\u0131n 3-d\u0259 is\u0259 Nax\u00e7\u0131van Muxtar Respublika Ali M\u0259clisinin s\u0259dri se\u00e7ilmi\u015fdir. Ulu \u00f6nd\u0259rin t\u0259\u015f\u0259bb\u00fcs\u00fc v\u0259 m\u00fc\u0259llifliyi il\u0259 bu d\u00f6vrd\u0259 Nax\u00e7\u0131vanda at\u0131lan add\u0131mlar lokal xarakter da\u015f\u0131may\u0131b, b\u00fct\u00f6vl\u00fckd\u0259 Az\u0259rbaycan\u0131n m\u00fcst\u0259qilliyin\u0259 do\u011fru istiqam\u0259tl\u0259nmi\u015fdi. Bu bax\u0131mdan, 1990-c\u0131 il noyabr\u0131nda Nax\u00e7\u0131van MSSR Ali Sovetinin ilk iclas\u0131nda Az\u0259rbaycan Xalq C\u00fcmhuriyy\u0259tinin \u00fc\u00e7 r\u0259ngli, ay-ulduzlu bayra\u011f\u0131n\u0131n d\u00f6vl\u0259t bayra\u011f\u0131 kimi q\u0259bul edilm\u0259si, Nax\u00e7\u0131van MSSR ad\u0131ndan \u201cSovet Sosialist\u201d s\u00f6zl\u0259rinin \u00e7\u0131xar\u0131lmas\u0131, Ali Sovetin \u201cAli M\u0259clis\u201d adland\u0131r\u0131lmas\u0131, 20 yanvar faci\u0259sin\u0259 siyasi qiym\u0259tin verilm\u0259si bu istiqam\u0259td\u0259ki ilk q\u0259tiyy\u0259tli add\u0131mlar idi.<br \/>\nM\u00fcasir Az\u0259rbaycan siyasi m\u00fchitinin apar\u0131c\u0131 siyasi t\u0259\u015fkilat\u0131 olan Yeni Az\u0259rbaycan Partiyas\u0131 m\u0259hz bu d\u00f6vrd\u0259, 1992-ci il noyabr\u0131n 21-d\u0259 Nax\u00e7\u0131van \u015f\u0259h\u0259rind\u0259 Heyd\u0259r \u018fliyevin liderliyind\u0259 yarad\u0131lm\u0131\u015f, \u00f6mr\u00fcn\u00fcn sonunad\u0259k m\u0259hz ulu \u00f6nd\u0259rimizin ba\u015f\u00e7\u0131l\u0131\u011f\u0131 alt\u0131nda f\u0259aliyy\u0259t g\u00f6st\u0259r\u0259r\u0259k Az\u0259rbaycanda d\u00f6vl\u0259t quruculu\u011fu prosesin\u0259 m\u00fch\u00fcm t\u00f6hf\u0259 vermi\u015fdir.<br \/>\n1993-c\u00fc il iyunun 4-d\u0259 G\u0259nc\u0259d\u0259 ba\u015f verim qiyamdan sonra \u00f6lk\u0259d\u0259 yaranm\u0131\u015f v\u0259t\u0259nda\u015f qar\u015f\u0131durmas\u0131n\u0131n v\u0259 d\u00f6vl\u0259t m\u00fcst\u0259qilliyimizin t\u0259hl\u00fck\u0259 alt\u0131na d\u00fc\u015fm\u0259sinin qar\u015f\u0131s\u0131n\u0131 almaq m\u0259qs\u0259dil\u0259 Az\u0259rbaycan xalq\u0131 vahid m\u00f6vqed\u0259 birl\u0259\u015f\u0259r\u0259k, Heyd\u0259r \u018fliyevin hakimiyy\u0259t\u0259 g\u0259lm\u0259sini t\u0259l\u0259b etdikd\u0259, bu b\u00f6y\u00fck \u015f\u0259xsiyy\u0259t v\u0259t\u0259nin v\u0259 d\u00f6vl\u0259tin taleyi namin\u0259 Az\u0259rbaycan d\u00f6vl\u0259tinin ba\u015f\u0131na ke\u00e7\u0259r\u0259k, ilahi xilaskarl\u0131q missiyas\u0131n\u0131 h\u0259yata ke\u00e7irm\u0259y\u0259 ba\u015flad\u0131. Bel\u0259likl\u0259, m\u00fcst\u0259qilliyinin ilk iki ilini ictimai xaos v\u0259 siyasi anarxiyada, a\u011f\u0131r sosial-iqtisadi f\u0259lak\u0259tin m\u0259ng\u0259n\u0259sind\u0259, erm\u0259nil\u0259rin torpaqlar\u0131m\u0131za qar\u015f\u0131 h\u00fccumu n\u0259tic\u0259sind\u0259 \u00fczl\u0259\u015fdiyi ard\u0131c\u0131l h\u0259rbi m\u0259\u011flubiyy\u0259tl\u0259r v\u0259 bunun yaratd\u0131\u011f\u0131 psixoloji b\u00f6hran \u015f\u0259raitind\u0259 itir\u0259n Az\u0259rbaycan Respublikas\u0131 m\u0259hz \u00fcmummilli lider Heyd\u0259r \u018fliyevin \u00f6lk\u0259miz\u0259 r\u0259hb\u0259rlik etdiyi 1993-2003-c\u00fc ill\u0259rd\u0259 b\u00fct\u00fcn bu probleml\u0259rin \u00f6hd\u0259sind\u0259n g\u0259lm\u0259yi, t\u0259n\u0259zz\u00fcld\u0259n qurtularaq davaml\u0131 inki\u015faf yoluna q\u0259d\u0259m qoyma\u011f\u0131, beyn\u0259lxalq arenada ad\u0131n\u0131n y\u00fcks\u0259k tribunalardan h\u00f6rm\u0259tl\u0259 \u00e7\u0259kilm\u0259sini t\u0259min etm\u0259yi bacard\u0131.<\/p>\n<p><img fetchpriority=\"high\" decoding=\"async\" class=\"wp-image-539 alignleft\" src=\"https:\/\/bolnisi.az\/wp-content\/uploads\/2023\/05\/Heyder-Eliyev-100-1.jpg\" alt=\"\" width=\"300\" height=\"302\" \/><\/p>\n<p>Bu m\u00fcdd\u0259td\u0259 Az\u0259rbaycanda sosial-iqtisadi geril\u0259m\u0259nin qar\u015f\u0131s\u0131 al\u0131nd\u0131 \u2013 1994-c\u00fc ilin sentyabr\u0131nda \u201c\u018fsrin m\u00fcqavil\u0259si\u201d ad\u0131n\u0131 alm\u0131\u015f m\u0259\u015fhur neft sazi\u015fi imzaland\u0131, \u00f6lk\u0259miz 1996-c\u0131 ild\u0259n \u00f6z iqtisadi inki\u015faf tempini b\u0259rpa etdi; qanunsuz silahl\u0131 d\u0259st\u0259l\u0259r t\u0259dric\u0259n l\u0259\u011fv olundu \u2013 1993-c\u00fc ilin noyabr\u0131ndan nizami ordu quruculu\u011fu ba\u015fland\u0131, 1994-c\u00fc ilin may\u0131nda davaml\u0131 inki\u015faf\u0131n t\u0259mini \u00fc\u00e7\u00fcn z\u0259min yaradan at\u0259\u015fk\u0259s sazi\u015fi imzaland\u0131; 1994-c\u00fc ilin oktyabr v\u0259 1995-ci ilin mart silahl\u0131 d\u00f6vl\u0259t \u00e7evrili\u015fi c\u0259hdl\u0259rinin qar\u015f\u0131s\u0131 al\u0131nd\u0131 \u2013 Az\u0259rbaycanda antikonstitusion yolla hakimiyy\u0259t\u0259 g\u0259lm\u0259k \u0259n\u0259n\u0259sin\u0259 son qoyuldu; 1995-ci ild\u0259 ilk milli Konstitusiyan\u0131n q\u0259bul edilm\u0259si v\u0259 ilk demokratik parlament se\u00e7kil\u0259ri il\u0259 demokratik v\u0259 h\u00fcquqi d\u00f6vl\u0259t quruculu\u011fu prosesi ba\u015fland\u0131, 1998-ci ild\u0259 Az\u0259rbaycanda \u00f6l\u00fcm h\u00f6km\u00fc v\u0259 m\u0259tbuat \u00fcz\u0259rind\u0259 senzura bird\u0259f\u0259lik l\u0259\u011fv edildi, inki\u015faf etmi\u015f m\u00fcasir d\u00f6vl\u0259tl\u0259rin \u0259sas \u0259lam\u0259tl\u0259rind\u0259n biri olan azad, pl\u00fcralist siyasi m\u00fchitin v\u0259 v\u0259t\u0259nda\u015f c\u0259miyy\u0259ti institutlar\u0131n\u0131n yarad\u0131lmas\u0131na ba\u015fland\u0131. Yeni beyn\u0259lxalq t\u0259\u015fkilatlara \u00fczv olunmas\u0131 prosesi s\u00fcr\u0259tl\u0259ndi, \u00fczv oldu\u011fumuz b\u00fct\u00fcn beyn\u0259lxalq qurumlarda m\u0259qs\u0259dy\u00f6nl\u00fc f\u0259all\u0131q artd\u0131, \u00f6lk\u0259miz \u0259traf\u0131nda erm\u0259ni lobbisinin formala\u015fd\u0131rd\u0131\u011f\u0131 antiaz\u0259rbaycan \u015f\u0259b\u0259k\u0259nin yaratd\u0131\u011f\u0131 informasiya blokadas\u0131 yar\u0131ld\u0131.<\/p>\n<p><img decoding=\"async\" class=\"alignnone wp-image-540\" src=\"https:\/\/bolnisi.az\/wp-content\/uploads\/2023\/05\/Heyder-Eliyev-100-3-300x166.jpg\" alt=\"\" width=\"499\" height=\"276\" \/><\/p>\n<p>B\u00fct\u00fcn \u00f6mr\u00fcn\u00fc xalq\u0131n\u0131n v\u0259 V\u0259t\u0259ninin taleyi \u00fc\u00e7\u00fcn \u015fam kimi \u0259rid\u0259n, \u00f6mr\u00fcn\u00fcn sonunad\u0259k q\u0259lbi Az\u0259rbaycanla bir d\u00f6y\u00fcn\u0259n ulu \u00f6nd\u0259r Az\u0259rbaycan d\u00f6vl\u0259t\u00e7iliyinin g\u0259l\u0259c\u0259yi \u00fc\u00e7\u00fcn son d\u0259r\u0259c\u0259 vacib bir siyasi problemi d\u0259 h\u0259ll etdi. \u00d6lk\u0259mizin ard\u0131c\u0131l t\u0259r\u0259qqisi v\u0259 t\u0259kam\u00fcl\u00fc namin\u0259 siyasi varislik m\u0259s\u0259l\u0259sinin u\u011furlu h\u0259llin\u0259 nail oldu. S\u0259hh\u0259ti 2003-c\u00fc ild\u0259 ke\u00e7iril\u0259n prezident se\u00e7kil\u0259rind\u0259 imkan verm\u0259diyind\u0259n \u00f6z namiz\u0259dliyini siyasi varisi elan etdiyi \u0130lham \u018fliyevin xeyrin\u0259 geri g\u00f6t\u00fcr\u0259r\u0259k h\u0259min il oktyabr\u0131n 1-d\u0259 xalq\u0131m\u0131za son taley\u00fckl\u00fc m\u00fcraci\u0259tini etdi: \u201c\u00dcz\u00fcm\u00fc Siz\u0259 \u2013 h\u0259mv\u0259t\u0259nl\u0259rim\u0259 tutaraq, qar\u015f\u0131dan g\u0259l\u0259n prezident se\u00e7kil\u0259rind\u0259 prezidentliy\u0259 namiz\u0259d, m\u0259nim siyasi varisim, Yeni Az\u0259rbaycan Partiyas\u0131 s\u0259drinin I m\u00fcavini \u0130lham \u018fliyevi d\u0259st\u0259kl\u0259m\u0259y\u0259 \u00e7a\u011f\u0131r\u0131ram. O, y\u00fcks\u0259k intellektli, praqmatik d\u00fc\u015f\u00fcnc\u0259li, m\u00fcasir d\u00fcnya siyas\u0259tini v\u0259 iqtisadiyyat\u0131n\u0131 g\u00f6z\u0259l bil\u0259n, enerjili v\u0259 t\u0259\u015f\u0259bb\u00fcskar bir \u015f\u0259xsiyy\u0259tdir. Sizi \u0259min edir\u0259m ki, h\u0259m \u0130lham \u018fliyev, h\u0259m d\u0259 Yeni Az\u0259rbaycan Partiyas\u0131 bundan sonra da xalq\u0131m\u0131z\u0131n \u0259n layiqli \u00f6vladlar\u0131n\u0131 \u00f6z \u0259traf\u0131nda s\u0131x birl\u0259\u015fdir\u0259r\u0259k, Az\u0259rbaycan d\u00f6vl\u0259tinin inki\u015faf\u0131 v\u0259 xalq\u0131m\u0131z\u0131n firavanl\u0131\u011f\u0131 yolunda \u00e7ox i\u015fl\u0259r g\u00f6r\u0259c\u0259kl\u0259r. \u0130nan\u0131ram ki, m\u0259nim ax\u0131ra \u00e7atd\u0131ra bilm\u0259diyim taley\u00fckl\u00fc m\u0259s\u0259l\u0259l\u0259ri, planlar\u0131, i\u015fl\u0259ri Sizin k\u00f6m\u0259yiniz v\u0259 d\u0259st\u0259yinizl\u0259 \u0130lham \u018fliyev ba\u015fa \u00e7atd\u0131ra bil\u0259c\u0259k. M\u0259n ona \u00f6z\u00fcm q\u0259d\u0259r inan\u0131ram v\u0259 g\u0259l\u0259c\u0259yin\u0259 b\u00f6y\u00fck \u00fcmidl\u0259r b\u0259sl\u0259yir\u0259m\u201d.<\/p>\n<p>2003-c\u00fc il dekabr\u0131n 12-d\u0259 Az\u0259rbaycan xalq\u0131n\u0131n \u00fcmummilli lideri Heyd\u0259r \u018fliyev \u0259b\u0259diyy\u0259t\u0259 qovu\u015fdu. Onun bu d\u00fcnyadan cism\u0259n ayr\u0131lmas\u0131 n\u0259 q\u0259d\u0259r k\u0259d\u0259rli olsa da, ad\u0131 Az\u0259rbaycanla daim qo\u015fa \u00e7\u0259kil\u0259n bu b\u00f6y\u00fck \u015f\u0259xsiyy\u0259tin \u00f6lk\u0259mizin h\u0259r bir qar\u0131\u015f\u0131nda imzas\u0131 vard\u0131r. Bu bir t\u0259r\u0259fd\u0259n ona g\u00f6r\u0259dir ki, m\u00fcasir tariximizin XX \u0259srinin son q\u0259rin\u0259si v\u0259 XXI \u0259srin ilk \u00fc\u00e7 ili bilavasit\u0259 bu b\u00f6y\u00fck \u015f\u0259xsiyy\u0259tin \u00f6lk\u0259sin\u0259 b\u0259x\u015f etdiyi misilsiz quruculuq n\u00fcmun\u0259l\u0259ri il\u0259 z\u0259ngindir. Dig\u0259r t\u0259r\u0259fd\u0259n m\u00f6ht\u0259r\u0259m Prezidentimiz c\u0259nab \u0130lham \u018fliyev prezident kimi h\u0259l\u0259 ilk d\u0259f\u0259 and i\u00e7\u0259rk\u0259n demi\u015fdir: \u201cM\u0259n Az\u0259rbaycan\u0131n xo\u015fb\u0259xt g\u0259l\u0259c\u0259yin\u0259 inan\u0131ram. \u018fmin\u0259m ki, \u00f6lk\u0259miz bundan sonra da inki\u015faf ed\u0259c\u0259k, daha da g\u00fccl\u0259n\u0259c\u0259kdir. Az\u0259rbaycanda demokratiya daha da inki\u015faf ed\u0259c\u0259k, siyasi pl\u00fcralizm, s\u00f6z azadl\u0131\u011f\u0131 t\u0259min olunacaqd\u0131r. \u00d6lk\u0259miz m\u00fcasir d\u00f6vl\u0259t\u0259 \u00e7evril\u0259c\u0259kdir. B\u00fct\u00fcn bunlar\u0131 etm\u0259k \u00fc\u00e7\u00fcn Az\u0259rbaycanda \u00e7ox i\u015fl\u0259r g\u00f6rm\u0259k laz\u0131md\u0131r. Ancaq b\u00fct\u00fcn bunlar\u0131 h\u0259yata ke\u00e7irm\u0259k v\u0259 Az\u0259rbaycan\u0131 q\u00fcdr\u0259tli d\u00f6vl\u0259t\u0259 \u00e7evirm\u0259k \u00fc\u00e7\u00fcn \u0259n ba\u015fl\u0131cas\u0131 \u00f6lk\u0259d\u0259 Heyd\u0259r \u018fliyevin siyas\u0259ti davam etdirilm\u0259lidir. Bu g\u00fcn y\u00fcks\u0259k k\u00fcrs\u00fcd\u0259n \u00e7\u0131x\u0131\u015f ed\u0259rk\u0259n m\u0259n Az\u0259rbaycan xalq\u0131na s\u00f6z verir\u0259m ki, bu siyas\u0259t\u0259 sadiq qalaca\u011fam, he\u00e7 vaxt bu yoldan d\u00f6nm\u0259y\u0259c\u0259y\u0259m, Heyd\u0259r \u018fliyevin siyas\u0259tini davam etdir\u0259c\u0259y\u0259m\u201d.<br \/>\nBel\u0259likl\u0259, art\u0131q 20 ildir ki, Az\u0259rbaycan Respublikas\u0131na Heyd\u0259r \u018fliyev irsinin layiqli davam\u00e7\u0131s\u0131 olan \u0130lham \u018fliyev r\u0259hb\u0259rlik edir. Az\u0259rbaycan Prezidenti Heyd\u0259r \u018fliyevin ba\u015fa \u00e7atd\u0131ra bilm\u0259diyi m\u0259s\u0259l\u0259l\u0259ri xalq\u0131n sevgisin\u0259, d\u0259st\u0259yin\u0259 v\u0259 g\u00fcc\u00fcn\u0259 arxalanaraq ba\u015fa \u00e7atd\u0131rmaqdad\u0131r. Prezident \u0130lham \u018fliyev \u00fcmummilli liderimizd\u0259n \u00f6z\u00fcn\u0259 miras qalan siyasi irsd\u0259n istifad\u0259 ed\u0259r\u0259k, ulu \u00f6nd\u0259rin n\u00fcmun\u0259sind\u0259 b\u00fct\u00fcn xalq qar\u015f\u0131s\u0131nda verdiyi v\u0259dl\u0259ri realla\u015fd\u0131rma\u011f\u0131 bacaran b\u00f6y\u00fck bir d\u00f6vl\u0259t xadimidir.<br \/>\nBirm\u0259nal\u0131 olaraq qeyd etm\u0259k laz\u0131md\u0131r ki, Prezident \u0130lham \u018fliyevin q\u0259tiyy\u0259tli v\u0259 uzaqg\u00f6r\u0259n siyas\u0259ti n\u0259tic\u0259sind\u0259 Az\u0259rbaycan xalq\u0131n\u0131n \u0259n a\u011f\u0131r d\u0259rdi olan Qaraba\u011f problemi 2020-ci ild\u0259 44 g\u00fcnl\u00fck V\u0259t\u0259n m\u00fcharib\u0259si n\u0259tic\u0259sind\u0259 \u00f6z h\u0259llini tapd\u0131. \u0130kinci Qaraba\u011f m\u00fcharib\u0259sini m\u00fcst\u0259qil Az\u0259rbaycan tarixinin \u0259n parlaq s\u0259hif\u0259si hesab ets\u0259k yan\u0131lmar\u0131q. \u00c7\u00fcnki ulu \u00f6nd\u0259r Heyd\u0259r \u018fliyevin ba\u015fa \u00e7atd\u0131rma\u011fa \u00f6mr\u00fcn\u00fcn yetm\u0259diyi \u0259n \u00fcmd\u0259 m\u0259s\u0259l\u0259 torpaqlar\u0131m\u0131z\u0131n d\u00fc\u015fm\u0259n tapda\u011f\u0131ndan azad olunmas\u0131, \u0259razi b\u00fct\u00f6vl\u00fcy\u00fcm\u00fcz\u00fcn t\u0259min edilm\u0259si idi. Bu problemin h\u0259llini \u2013 \u201cata v\u0259siyy\u0259ti\u201dni \u2013 m\u00f6ht\u0259\u015f\u0259m Z\u0259f\u0259ri xalq\u0131m\u0131za M\u00fcz\u0259ff\u0259r Ali Ba\u015f Komandan\u0131n r\u0259hb\u0259rliyi alt\u0131nda \u015fanl\u0131 Az\u0259rbaycan Ordusu b\u0259x\u015f etdi. M\u0259hz d\u00f6vl\u0259t ba\u015f\u00e7\u0131s\u0131 \u0130lham \u018fliyevin t\u0259krars\u0131z h\u0259rbi-siyasi v\u0259 diplomatik f\u0259aliyy\u0259ti n\u0259tic\u0259sind\u0259 beyn\u0259lxalq al\u0259md\u0259 \u0259sl h\u0259qiq\u0259t v\u0259 \u0259dal\u0259t \u00f6z t\u0259sdiqini tapd\u0131: Qaraba\u011f Az\u0259rbaycand\u0131r!<br \/>\nXalq\u0131m\u0131z bundan sonra da \u00f6z yenilm\u0259z liderinin \u0259traf\u0131nda s\u0131x birl\u0259\u015f\u0259r\u0259k, b\u00fcn\u00f6vr\u0259si \u0259b\u0259diya\u015far \u015f\u0259xsiyy\u0259t Heyd\u0259r \u018fliyev t\u0259r\u0259find\u0259n qoyulmu\u015f m\u00fcasir v\u0259 m\u00fcst\u0259qil Az\u0259rbaycan d\u00f6vl\u0259tini daha da inki\u015faf ed\u0259r\u0259k, \u0259n g\u00fccl\u00fc, \u0259n q\u00fcdr\u0259tli, \u0259n inki\u015faf etmi\u015f \u00f6lk\u0259l\u0259r s\u0131ras\u0131nda dayanmas\u0131 namin\u0259 m\u00fch\u00fcm f\u0259aliyy\u0259tind\u0259 Prezidentimiz\u0259 daim d\u0259st\u0259k olacaq.<\/p>\n<p>Bu g\u00fcn \u00fcmummilli lider Heyd\u0259r \u018fliyevin 100 illik yubileyinin y\u00fcks\u0259k s\u0259viyy\u0259d\u0259 qeyd olundu\u011fu g\u00fcnl\u0259rd\u0259 \u00f6z xalq\u0131 v\u0259 qibl\u0259gah\u0131 sayd\u0131\u011f\u0131 do\u011fma Az\u0259rbaycan\u0131 namin\u0259 g\u00f6st\u0259rdiyi misilsiz xidm\u0259tl\u0259r\u0259 g\u00f6r\u0259 xalq\u0131m\u0131z dahi r\u0259hb\u0259rinin g\u00f6rd\u00fcy\u00fc i\u015fl\u0259ri b\u00f6y\u00fck q\u0259dirbil\u0259nlikl\u0259 xat\u0131rlay\u0131r, h\u0259r bir az\u0259rbaycanl\u0131 Ona q\u0259lbind\u0259 olan sonsuz sevgisini v\u0259 d\u0259rin ehtiram\u0131n\u0131 ifad\u0259 edir.<\/p>\n<p><img decoding=\"async\" class=\"alignnone size-full wp-image-538\" src=\"https:\/\/bolnisi.az\/wp-content\/uploads\/2023\/05\/Gulnare-Ehmedova-BDU-001.jpg\" alt=\"\" width=\"251\" height=\"246\" \/><\/p>\n<p><span style=\"color: #3366ff;\"><strong>G\u00fclnar\u0259 Baratxan q\u0131z\u0131 \u018fhm\u0259dova,<\/strong><\/span><br \/>\n<span style=\"color: #3366ff;\"><strong>Bak\u0131 D\u00f6vl\u0259t Universiteti Co\u011frafiya fak\u00fclt\u0259sinin<\/strong><\/span><br \/>\n<span style=\"color: #3366ff;\"><strong>\u201cFiziki co\u011frafiya\u201d kafedras\u0131n\u0131n m\u00fc\u0259llimi,<\/strong><\/span><br \/>\n<span style=\"color: #3366ff;\"><strong>co\u011frafiya \u00fczr\u0259 f\u0259ls\u0259f\u0259 doktoru<\/strong><\/span><\/p>\n<p><span style=\"color: #3366ff;\"><strong>ZiM.Az<\/strong><\/span><\/p>\n<p>.<\/p>\n","protected":false},"excerpt":{"rendered":"<p>H\u0259r bir xalq\u0131n, mill\u0259tin tarixind\u0259 \u0259v\u0259zsiz xidm\u0259tl\u0259ri olan, misli-b\u0259rab\u0259ri olmayan son d\u0259r\u0259c\u0259 y\u00fcks\u0259k keyfiyy\u0259tl\u0259ri il\u0259&#8230;<\/p>\n","protected":false},"author":2,"featured_media":1298,"comment_status":"open","ping_status":"open","sticky":false,"template":"","format":"standard","meta":{"footnotes":""},"categories":[2,53,17],"tags":[],"class_list":["post-1297","post","type-post","status-publish","format-standard","has-post-thumbnail","hentry","category-azrbaycan","category-bdu","category-xbrlr"],"featured_image_urls":{"full":["https:\/\/ziya.info.az\/wp-content\/uploads\/2023\/05\/Heyder-Eliyev-100-2b.jpg",474,272,false],"thumbnail":["https:\/\/ziya.info.az\/wp-content\/uploads\/2023\/05\/Heyder-Eliyev-100-2b-150x150.jpg",150,150,true],"medium":["https:\/\/ziya.info.az\/wp-content\/uploads\/2023\/05\/Heyder-Eliyev-100-2b-300x172.jpg",300,172,true],"medium_large":["https:\/\/ziya.info.az\/wp-content\/uploads\/2023\/05\/Heyder-Eliyev-100-2b.jpg",474,272,false],"large":["https:\/\/ziya.info.az\/wp-content\/uploads\/2023\/05\/Heyder-Eliyev-100-2b.jpg",474,272,false],"1536x1536":["https:\/\/ziya.info.az\/wp-content\/uploads\/2023\/05\/Heyder-Eliyev-100-2b.jpg",474,272,false],"2048x2048":["https:\/\/ziya.info.az\/wp-content\/uploads\/2023\/05\/Heyder-Eliyev-100-2b.jpg",474,272,false],"newsphere-slider-full":["https:\/\/ziya.info.az\/wp-content\/uploads\/2023\/05\/Heyder-Eliyev-100-2b.jpg",474,272,false],"newsphere-featured":["https:\/\/ziya.info.az\/wp-content\/uploads\/2023\/05\/Heyder-Eliyev-100-2b.jpg",474,272,false],"newsphere-medium":["https:\/\/ziya.info.az\/wp-content\/uploads\/2023\/05\/Heyder-Eliyev-100-2b.jpg",474,272,false]},"author_info":{"display_name":"Z\u0130YA.\u0130NFO.AZ","author_link":"https:\/\/ziya.info.az\/author\/admin"},"category_info":"<a href=\"https:\/\/ziya.info.az\/?cat=2\" rel=\"category\">AZ\u018fRBAYCAN<\/a> <a href=\"https:\/\/ziya.info.az\/?cat=53\" rel=\"category\">BDU<\/a> <a href=\"https:\/\/ziya.info.az\/?cat=17\" rel=\"category\">X\u018fB\u018fRL\u018fR<\/a>","tag_info":"X\u018fB\u018fRL\u018fR","comment_count":"0","_links":{"self":[{"href":"https:\/\/ziya.info.az\/index.php?rest_route=\/wp\/v2\/posts\/1297","targetHints":{"allow":["GET"]}}],"collection":[{"href":"https:\/\/ziya.info.az\/index.php?rest_route=\/wp\/v2\/posts"}],"about":[{"href":"https:\/\/ziya.info.az\/index.php?rest_route=\/wp\/v2\/types\/post"}],"author":[{"embeddable":true,"href":"https:\/\/ziya.info.az\/index.php?rest_route=\/wp\/v2\/users\/2"}],"replies":[{"embeddable":true,"href":"https:\/\/ziya.info.az\/index.php?rest_route=%2Fwp%2Fv2%2Fcomments&post=1297"}],"version-history":[{"count":3,"href":"https:\/\/ziya.info.az\/index.php?rest_route=\/wp\/v2\/posts\/1297\/revisions"}],"predecessor-version":[{"id":1301,"href":"https:\/\/ziya.info.az\/index.php?rest_route=\/wp\/v2\/posts\/1297\/revisions\/1301"}],"wp:featuredmedia":[{"embeddable":true,"href":"https:\/\/ziya.info.az\/index.php?rest_route=\/wp\/v2\/media\/1298"}],"wp:attachment":[{"href":"https:\/\/ziya.info.az\/index.php?rest_route=%2Fwp%2Fv2%2Fmedia&parent=1297"}],"wp:term":[{"taxonomy":"category","embeddable":true,"href":"https:\/\/ziya.info.az\/index.php?rest_route=%2Fwp%2Fv2%2Fcategories&post=1297"},{"taxonomy":"post_tag","embeddable":true,"href":"https:\/\/ziya.info.az\/index.php?rest_route=%2Fwp%2Fv2%2Ftags&post=1297"}],"curies":[{"name":"wp","href":"https:\/\/api.w.org\/{rel}","templated":true}]}}