{"id":1261,"date":"2020-01-13T23:31:19","date_gmt":"2020-01-13T19:31:19","guid":{"rendered":"https:\/\/ziya.info.az\/?p=1261"},"modified":"2023-10-04T03:31:10","modified_gmt":"2023-10-03T23:31:10","slug":"allahverdi-s%c9%99rifov-aztu-n%c9%99qliyyat-v%c9%99-logistika-fakult%c9%99sinin-dekani-v%c9%99zif%c9%99sin%c9%99-t%c9%99yin-olunub","status":"publish","type":"post","link":"https:\/\/ziya.info.az\/?p=1261","title":{"rendered":"Allahverdi \u015e\u0259rifov AzTU N\u0259qliyyat v\u0259 logistika fak\u00fclt\u0259sinin dekan\u0131 v\u0259zif\u0259sin\u0259 t\u0259yin olunub"},"content":{"rendered":"<p><span style=\"color: #ff0000;\"><b>T\u018fBR\u0130K ED\u0130R\u0130K!..<\/b><\/span><\/p>\n<p><span style=\"color: #ff0000;\"><strong><i>Texnika elml\u0259ri namiz\u0259di, dosent<\/i><\/strong><\/span><\/p>\n<p><span style=\"color: #ff0000;\"><b><i>Allahverdi Camal o\u011flu \u015e\u0259rifov<\/i><\/b><\/span><\/p>\n<p><span style=\"color: #ff0000;\"><b><i>Az\u0259rbaycan Texniki Unuversitetinin (AzTU) <\/i><\/b><\/span><\/p>\n<p><span style=\"color: #ff0000;\"><b><i>N\u0259qliyyat v\u0259 logistika fak\u00fclt\u0259sinin dekan\u0131 v\u0259zif\u0259sin\u0259 t\u0259yin olunub.<\/i><\/b><\/span><\/p>\n<p><strong>Allahverdi Camal o\u011flu \u015e\u0259rifov<\/strong> &#8211; 09 yanvar 1984-c\u00fc ild\u0259 G\u00fcrc\u00fcstan Respublikas\u0131 Marneuli rayonunun Sadaxl\u0131 k\u0259ndind\u0259 anadan olub.<\/p>\n<p>2001-ci ild\u0259 Sadaxl\u0131 k\u0259nd 2 sayl\u0131 orta m\u0259kt\u0259bini bitir\u0259r\u0259k Az\u0259rbaycan Texniki Universitetinin (AzTU) N\u0259qliyyat fak\u00fclt\u0259sin\u0259 daxil olub. T\u0259hsil ald\u0131\u011f\u0131 m\u00fcdd\u0259td\u0259 m\u00fcxt\u0259lif f\u0259nn olimpiyadalar\u0131nda i\u015ftirak edib, fak\u00fclt\u0259nin dekanl\u0131\u011f\u0131 t\u0259r\u0259find\u0259n t\u0259\u015f\u0259kk\u00fcrnam\u0259 v\u0259 f\u0259xri f\u0259rmanlarla t\u0259ltif olunub.<\/p>\n<p>2005-ci ild\u0259 N\u0259qliyyat fak\u00fclt\u0259sinin Yol h\u0259r\u0259k\u0259tinin t\u0259\u015fkili ixtisas\u0131 \u00fczr\u0259 bakalavr s\u0259viyy\u0259sini f\u0259rql\u0259nm\u0259 diplomu, 2007-ci ild\u0259 is\u0259 h\u0259min ixtisas\u0131n magistratura s\u0259viyy\u0259sini f\u0259rql\u0259nm\u0259 diplomu il\u0259 bitirib.<\/p>\n<p>2012-2015-ci ill\u0259rd\u0259 3327.01 &#8211; N\u0259qliyyat sisteml\u0259ri texnologiyas\u0131 ixtisas\u0131nda texnika \u00fczr\u0259 f\u0259ls\u0259f\u0259 doktoru proqram\u0131nda (dissertantura) t\u0259hsilini davam etdirib.<\/p>\n<p>2016-c\u0131 ild\u0259 N\u0259qliyyat sisteml\u0259ri texnologiyas\u0131 ixtisas\u0131 \u00fczr\u0259 \u201cN\u0259qliyyat ax\u0131n\u0131n\u0131n parametrl\u0259rinin avtomobill\u0259rin h\u0259r\u0259k\u0259t t\u0259hl\u00fck\u0259sizliyin\u0259 t\u0259siri\u201d m\u00f6vzusunda dissertasiya i\u015fini m\u00fcdafi\u0259 ed\u0259r\u0259k texnika \u00fczr\u0259 f\u0259ls\u0259f\u0259 doktoru elmi d\u0259r\u0259c\u0259si al\u0131b.<\/p>\n<p>2020-ci ild\u0259n \u201cN\u0259qliyyat ax\u0131nlar\u0131nda toqqu\u015fmalar\u0131n yaranma mexanizmi v\u0259 onlar\u0131n m\u00fcasir avtotexniki ekspertizas\u0131 \u00fcsullar\u0131\u201d m\u00f6vzusunda 3327.01 &#8211; \u201cN\u0259qliyyat sisteml\u0259ri texnologiyas\u0131\u201d ixtisas\u0131nda texnika \u00fczr\u0259 elml\u0259r doktoru proqram\u0131nda (dissertantura) t\u0259hsilini davam etdirir.<\/p>\n<p>2007-ci ild\u0259 \u201cDET-AL Limited\u201d MMC \u015firk\u0259tinin \u201cN\u0259qliyyat Departamenti\u201dnd\u0259 t\u0259cr\u00fcb\u0259\u00e7i kimi \u00e7al\u0131\u015f\u0131b. 2008-2009-cu ild\u0259 h\u0259rbi xidm\u0259td\u0259n qay\u0131td\u0131qdan sonra \u201cAZTEX Group\u201d MMC \u015firk\u0259tind\u0259 y\u00fck avtomobill\u0259ri \u00fczr\u0259 sat\u0131\u015f meneceri v\u0259 \u201cGrandmotors\u201d MMC \u015firk\u0259tind\u0259 ehtiyat hiss\u0259l\u0259ri \u00fczr\u0259 sat\u0131\u015f meneceri v\u0259zif\u0259l\u0259rind\u0259 \u00e7al\u0131\u015f\u0131b. 2014-2016-c\u0131 ill\u0259rd\u0259 \u201cAZTEXN\u0130KA\u201d MMC \u015firk\u0259tind\u0259 0,5 \u015ftat y\u00fck avtomobill\u0259ri sah\u0259sind\u0259 servis v\u0259 sat\u0131\u015f \u00fczr\u0259 texniki m\u0259sl\u0259h\u0259t\u00e7i v\u0259zif\u0259sind\u0259 \u00e7al\u0131\u015f\u0131b.<\/p>\n<p>2009-cu ild\u0259n Az\u0259rbaycan Texniki Universitetinin \u201cAvtomobil da\u015f\u0131malar\u0131 v\u0259 yol h\u0259r\u0259k\u0259tinin t\u0259\u015fkili\u201d kafedras\u0131nda laboratoriya m\u00fcdiri, 2010-cu ild\u0259n laboratoriya m\u00fcdiri v\u0259 \u0259v\u0259z\u00e7ilikl\u0259 0,5 \u015ftat assistent, 2014-c\u00fc ild\u0259n assistent, 2015-ci ild\u0259n ba\u015f m\u00fc\u0259llim v\u0259 2018-ci ild\u0259n is\u0259 dosent v\u0259zif\u0259sind\u0259 i\u015fl\u0259yib. 2017-2019-cu ill\u0259rd\u0259 Az\u0259rbaycan Texniki Universitetinin T\u0259l\u0259b\u0259 Elmi C\u0259miyy\u0259tinin s\u0259dri v\u0259zif\u0259sind\u0259 \u00e7al\u0131\u015f\u0131b.<\/p>\n<p>2017-ci ild\u0259 Az\u0259rbaycan T\u0259hsil \u0130\u015f\u00e7il\u0259ri Azad H\u0259mkarlar \u0130ttifaq\u0131 t\u0259r\u0259find\u0259n \u201c\u0130lin Pe\u015f\u0259kar G\u0259nci\u201d m\u00fcsabiq\u0259sinin qalibi olub.<\/p>\n<p>Allahverdi \u015e\u0259rifov &#8211; 2020-ci ild\u0259n N\u0259qliyyat v\u0259 logistika fak\u00fclt\u0259sinin dekan\u0131 v\u0259zif\u0259sin\u0259 t\u0259yin olunub.<\/p>\n<p>2021-ci ild\u0259 Az\u0259rbaycan Respublikas\u0131 T\u0259hsil Nazirinin \u0259mri il\u0259 F\u0259xri f\u0259rmanla t\u0259ltif olunub.<\/p>\n<p>1 d\u0259rs v\u0259saitinin, 47 elmi m\u0259qal\u0259nin, 10 f\u0259nn proqram\u0131n\u0131n v\u0259 2 metodik g\u00f6st\u0259ri\u015fin m\u00fc\u0259llifidir. M\u0259qal\u0259l\u0259ri Rusiyada, Ukraynada, Estoniyada, T\u00fcrkiy\u0259d\u0259 v\u0259 Norve\u00e7d\u0259 d\u0259rc olunub.<\/p>\n<p>Yeni Az\u0259rbaycan Partiyas\u0131n\u0131n (YAP) \u00fczv\u00fcd\u00fcr.<\/p>\n<p>Ail\u0259lidir, 2 q\u0131z\u0131 var.<\/p>\n<p>&nbsp;<\/p>\n<p><span style=\"color: #ff0000;\"><i><b>Tan\u0131nm\u0131\u015f alim, texnika elml\u0259ri namiz\u0259di, dosent Allahverdi Camal o\u011flu \u015e\u0259rifovu Az\u0259rbaycan Texniki Unuversitetinin (AzTU) N\u0259qliyyat v\u0259 logistika fak\u00fclt\u0259sinin dekan\u0131 v\u0259zif\u0259sin\u0259 t\u0259yin edilm\u0259si m\u00fcnasib\u0259til\u0259 \u00fcr\u0259kd\u0259n t\u0259brik edir v\u0259 ona yeni-yeni u\u011furlar arzulay\u0131r\u0131q!..<\/b><\/i><\/span><\/p>\n<p><span style=\"color: #3366ff;\"><b>M\u00fc\u015ffiq BOR\u00c7ALI,<br \/>\n<em>Ziya.\u0130nfo.Az<\/em><\/b><\/span><\/p>\n<p>&nbsp;<\/p>\n","protected":false},"excerpt":{"rendered":"<p>T\u018fBR\u0130K ED\u0130R\u0130K!.. Texnika elml\u0259ri namiz\u0259di, dosent Allahverdi Camal o\u011flu \u015e\u0259rifov Az\u0259rbaycan Texniki Unuversitetinin (AzTU) N\u0259qliyyat&#8230;<\/p>\n","protected":false},"author":2,"featured_media":1262,"comment_status":"open","ping_status":"open","sticky":false,"template":"","format":"standard","meta":{"footnotes":""},"categories":[3,40,68,33],"tags":[],"class_list":["post-1261","post","type-post","status-publish","format-standard","has-post-thumbnail","hentry","category-aztu","category-gurcustan","category-tbriklr","category-xbrlr-2"],"featured_image_urls":{"full":["https:\/\/ziya.info.az\/wp-content\/uploads\/2023\/04\/AzTU-Allahverdi-Serifov-001.jpg",354,316,false],"thumbnail":["https:\/\/ziya.info.az\/wp-content\/uploads\/2023\/04\/AzTU-Allahverdi-Serifov-001-150x150.jpg",150,150,true],"medium":["https:\/\/ziya.info.az\/wp-content\/uploads\/2023\/04\/AzTU-Allahverdi-Serifov-001-300x268.jpg",300,268,true],"medium_large":["https:\/\/ziya.info.az\/wp-content\/uploads\/2023\/04\/AzTU-Allahverdi-Serifov-001.jpg",354,316,false],"large":["https:\/\/ziya.info.az\/wp-content\/uploads\/2023\/04\/AzTU-Allahverdi-Serifov-001.jpg",354,316,false],"1536x1536":["https:\/\/ziya.info.az\/wp-content\/uploads\/2023\/04\/AzTU-Allahverdi-Serifov-001.jpg",354,316,false],"2048x2048":["https:\/\/ziya.info.az\/wp-content\/uploads\/2023\/04\/AzTU-Allahverdi-Serifov-001.jpg",354,316,false],"newsphere-slider-full":["https:\/\/ziya.info.az\/wp-content\/uploads\/2023\/04\/AzTU-Allahverdi-Serifov-001.jpg",354,316,false],"newsphere-featured":["https:\/\/ziya.info.az\/wp-content\/uploads\/2023\/04\/AzTU-Allahverdi-Serifov-001.jpg",354,316,false],"newsphere-medium":["https:\/\/ziya.info.az\/wp-content\/uploads\/2023\/04\/AzTU-Allahverdi-Serifov-001.jpg",354,316,false]},"author_info":{"display_name":"Z\u0130YA.\u0130NFO.AZ","author_link":"https:\/\/ziya.info.az\/author\/admin"},"category_info":"<a href=\"https:\/\/ziya.info.az\/?cat=3\" rel=\"category\">AzTU<\/a> <a href=\"https:\/\/ziya.info.az\/?cat=40\" rel=\"category\">G\u00fcrc\u00fcstan<\/a> <a href=\"https:\/\/ziya.info.az\/?cat=68\" rel=\"category\">T\u0259brikl\u0259r<\/a> <a href=\"https:\/\/ziya.info.az\/?cat=33\" rel=\"category\">X\u0259b\u0259rl\u0259r<\/a>","tag_info":"X\u0259b\u0259rl\u0259r","comment_count":"0","_links":{"self":[{"href":"https:\/\/ziya.info.az\/index.php?rest_route=\/wp\/v2\/posts\/1261","targetHints":{"allow":["GET"]}}],"collection":[{"href":"https:\/\/ziya.info.az\/index.php?rest_route=\/wp\/v2\/posts"}],"about":[{"href":"https:\/\/ziya.info.az\/index.php?rest_route=\/wp\/v2\/types\/post"}],"author":[{"embeddable":true,"href":"https:\/\/ziya.info.az\/index.php?rest_route=\/wp\/v2\/users\/2"}],"replies":[{"embeddable":true,"href":"https:\/\/ziya.info.az\/index.php?rest_route=%2Fwp%2Fv2%2Fcomments&post=1261"}],"version-history":[{"count":5,"href":"https:\/\/ziya.info.az\/index.php?rest_route=\/wp\/v2\/posts\/1261\/revisions"}],"predecessor-version":[{"id":1491,"href":"https:\/\/ziya.info.az\/index.php?rest_route=\/wp\/v2\/posts\/1261\/revisions\/1491"}],"wp:featuredmedia":[{"embeddable":true,"href":"https:\/\/ziya.info.az\/index.php?rest_route=\/wp\/v2\/media\/1262"}],"wp:attachment":[{"href":"https:\/\/ziya.info.az\/index.php?rest_route=%2Fwp%2Fv2%2Fmedia&parent=1261"}],"wp:term":[{"taxonomy":"category","embeddable":true,"href":"https:\/\/ziya.info.az\/index.php?rest_route=%2Fwp%2Fv2%2Fcategories&post=1261"},{"taxonomy":"post_tag","embeddable":true,"href":"https:\/\/ziya.info.az\/index.php?rest_route=%2Fwp%2Fv2%2Ftags&post=1261"}],"curies":[{"name":"wp","href":"https:\/\/api.w.org\/{rel}","templated":true}]}}