{"id":1207,"date":"2023-03-31T16:07:52","date_gmt":"2023-03-31T12:07:52","guid":{"rendered":"https:\/\/ziya.info.az\/?p=1207"},"modified":"2023-03-31T16:08:26","modified_gmt":"2023-03-31T12:08:26","slug":"aztu-nun-rektoru-ispaniyada-isguzar-s%c9%99f%c9%99rd%c9%99-olub","status":"publish","type":"post","link":"https:\/\/ziya.info.az\/?p=1207","title":{"rendered":"AzTU-nun rektoru \u0130spaniyada i\u015fg\u00fczar s\u0259f\u0259rd\u0259 olub"},"content":{"rendered":"<p>Az\u0259rbaycan Texniki Universitetinin (AzTU) rektoru Vilay\u0259t V\u0259liyevin r\u0259hb\u0259rlik etdiyi n\u00fcmay\u0259nd\u0259 hey\u0259ti \u0130spaniyada i\u015fg\u00fczar s\u0259f\u0259rd\u0259 olub. S\u0259f\u0259r \u00e7\u0259r\u00e7iv\u0259sind\u0259 Madrid Politexnik Universitetinin (MPU) akademik hey\u0259ti il\u0259 g\u00f6r\u00fc\u015fl\u0259r ke\u00e7irilib, h\u0259m\u00e7inin universitetin S\u0259naye M\u00fch\u0259ndisliyi Ali Texniki M\u0259kt\u0259bi ziyar\u0259t olunub.<\/p>\n<p><img fetchpriority=\"high\" decoding=\"async\" class=\"alignnone wp-image-1209\" src=\"https:\/\/ziya.info.az\/wp-content\/uploads\/2023\/03\/AzTU-Ispaniya-03-300x229.jpg\" alt=\"\" width=\"475\" height=\"362\" srcset=\"https:\/\/ziya.info.az\/wp-content\/uploads\/2023\/03\/AzTU-Ispaniya-03-300x229.jpg 300w, https:\/\/ziya.info.az\/wp-content\/uploads\/2023\/03\/AzTU-Ispaniya-03.jpg 475w\" sizes=\"(max-width: 475px) 100vw, 475px\" \/><\/p>\n<p>G\u00f6r\u00fc\u015fl\u0259r zaman\u0131 h\u0259r iki universitet aras\u0131nda akademik hey\u0259t v\u0259 t\u0259l\u0259b\u0259 mobilliyinin geni\u015fl\u0259ndirilm\u0259si istiqam\u0259tind\u0259 \u0259m\u0259kda\u015fl\u0131\u011f\u0131n inki\u015faf etdirilm\u0259si, AzTU v\u0259 MPU-nun m\u00fcxt\u0259lif m\u00f6vzularda birg\u0259 t\u0259dqiqatlar aparmas\u0131, el\u0259c\u0259 d\u0259 m\u00fcvafiq sah\u0259l\u0259rd\u0259 ikili diplom m\u00fcqavil\u0259l\u0259rinin imzalanmas\u0131 il\u0259 ba\u011fl\u0131 m\u00fczakir\u0259l\u0259r apar\u0131l\u0131b.<\/p>\n<p>S\u0259f\u0259r \u00e7\u0259r\u00e7iv\u0259sind\u0259 n\u00fcmay\u0259nd\u0259 hey\u0259ti \u201cErasmus+ KA171\u201d proqram\u0131 \u00e7\u0259r\u00e7iv\u0259sind\u0259\u00a0MPU-da t\u0259dqiqat aparan AzTU-nun magistr t\u0259l\u0259b\u0259l\u0259ri &#8211; G\u00fcl\u00fcstan N\u0259bili, F\u0259rid Nadirov v\u0259 Sona N\u0259z\u0259rovan\u0131n f\u0259aliyy\u0259ti il\u0259 d\u0259 tan\u0131\u015f olub.<\/p>\n<p><img decoding=\"async\" class=\"alignnone wp-image-1210\" src=\"https:\/\/ziya.info.az\/wp-content\/uploads\/2023\/03\/AzTU-Ispaniya-01-300x262.jpg\" alt=\"\" width=\"475\" height=\"415\" srcset=\"https:\/\/ziya.info.az\/wp-content\/uploads\/2023\/03\/AzTU-Ispaniya-01-300x262.jpg 300w, https:\/\/ziya.info.az\/wp-content\/uploads\/2023\/03\/AzTU-Ispaniya-01.jpg 475w\" sizes=\"(max-width: 475px) 100vw, 475px\" \/><\/p>\n<p><em>Qeyd ed\u0259k ki,<\/em> AzTU rektorunun r\u0259hb\u0259rlik etdiyi n\u00fcmay\u0259nd\u0259 hey\u0259tind\u0259 <strong>beyn\u0259lxalq \u0259laq\u0259l\u0259r \u00fczr\u0259 prorektor Fariz M\u0259mm\u0259dov<\/strong> v\u0259 <strong>Universitet-S\u0259naye \u018fm\u0259kda\u015fl\u0131\u011f\u0131 v\u0259 \u00d6m\u00fcrboyu T\u0259hsil M\u0259rk\u0259zinin m\u00fcdiri Aynur\u0259 \u0130smay\u0131lova<\/strong> i\u015ftirak edib.<\/p>\n<p>&nbsp;<\/p>\n<p>&nbsp;<\/p>\n","protected":false},"excerpt":{"rendered":"<p>Az\u0259rbaycan Texniki Universitetinin (AzTU) rektoru Vilay\u0259t V\u0259liyevin r\u0259hb\u0259rlik etdiyi n\u00fcmay\u0259nd\u0259 hey\u0259ti \u0130spaniyada i\u015fg\u00fczar s\u0259f\u0259rd\u0259 olub&#8230;.<\/p>\n","protected":false},"author":2,"featured_media":1208,"comment_status":"open","ping_status":"open","sticky":false,"template":"","format":"standard","meta":{"footnotes":""},"categories":[3,6,33],"tags":[],"class_list":["post-1207","post","type-post","status-publish","format-standard","has-post-thumbnail","hentry","category-aztu","category-dunya","category-xbrlr-2"],"featured_image_urls":{"full":["https:\/\/ziya.info.az\/wp-content\/uploads\/2023\/03\/AzTU-Ispaniya-02.jpg",475,364,false],"thumbnail":["https:\/\/ziya.info.az\/wp-content\/uploads\/2023\/03\/AzTU-Ispaniya-02-150x150.jpg",150,150,true],"medium":["https:\/\/ziya.info.az\/wp-content\/uploads\/2023\/03\/AzTU-Ispaniya-02-300x230.jpg",300,230,true],"medium_large":["https:\/\/ziya.info.az\/wp-content\/uploads\/2023\/03\/AzTU-Ispaniya-02.jpg",475,364,false],"large":["https:\/\/ziya.info.az\/wp-content\/uploads\/2023\/03\/AzTU-Ispaniya-02.jpg",475,364,false],"1536x1536":["https:\/\/ziya.info.az\/wp-content\/uploads\/2023\/03\/AzTU-Ispaniya-02.jpg",475,364,false],"2048x2048":["https:\/\/ziya.info.az\/wp-content\/uploads\/2023\/03\/AzTU-Ispaniya-02.jpg",475,364,false],"newsphere-slider-full":["https:\/\/ziya.info.az\/wp-content\/uploads\/2023\/03\/AzTU-Ispaniya-02.jpg",475,364,false],"newsphere-featured":["https:\/\/ziya.info.az\/wp-content\/uploads\/2023\/03\/AzTU-Ispaniya-02.jpg",475,364,false],"newsphere-medium":["https:\/\/ziya.info.az\/wp-content\/uploads\/2023\/03\/AzTU-Ispaniya-02.jpg",475,364,false]},"author_info":{"display_name":"Z\u0130YA.\u0130NFO.AZ","author_link":"https:\/\/ziya.info.az\/author\/admin"},"category_info":"<a href=\"https:\/\/ziya.info.az\/?cat=3\" rel=\"category\">AzTU<\/a> <a href=\"https:\/\/ziya.info.az\/?cat=6\" rel=\"category\">D\u00dcNYA<\/a> <a href=\"https:\/\/ziya.info.az\/?cat=33\" rel=\"category\">X\u0259b\u0259rl\u0259r<\/a>","tag_info":"X\u0259b\u0259rl\u0259r","comment_count":"0","_links":{"self":[{"href":"https:\/\/ziya.info.az\/index.php?rest_route=\/wp\/v2\/posts\/1207","targetHints":{"allow":["GET"]}}],"collection":[{"href":"https:\/\/ziya.info.az\/index.php?rest_route=\/wp\/v2\/posts"}],"about":[{"href":"https:\/\/ziya.info.az\/index.php?rest_route=\/wp\/v2\/types\/post"}],"author":[{"embeddable":true,"href":"https:\/\/ziya.info.az\/index.php?rest_route=\/wp\/v2\/users\/2"}],"replies":[{"embeddable":true,"href":"https:\/\/ziya.info.az\/index.php?rest_route=%2Fwp%2Fv2%2Fcomments&post=1207"}],"version-history":[{"count":2,"href":"https:\/\/ziya.info.az\/index.php?rest_route=\/wp\/v2\/posts\/1207\/revisions"}],"predecessor-version":[{"id":1212,"href":"https:\/\/ziya.info.az\/index.php?rest_route=\/wp\/v2\/posts\/1207\/revisions\/1212"}],"wp:featuredmedia":[{"embeddable":true,"href":"https:\/\/ziya.info.az\/index.php?rest_route=\/wp\/v2\/media\/1208"}],"wp:attachment":[{"href":"https:\/\/ziya.info.az\/index.php?rest_route=%2Fwp%2Fv2%2Fmedia&parent=1207"}],"wp:term":[{"taxonomy":"category","embeddable":true,"href":"https:\/\/ziya.info.az\/index.php?rest_route=%2Fwp%2Fv2%2Fcategories&post=1207"},{"taxonomy":"post_tag","embeddable":true,"href":"https:\/\/ziya.info.az\/index.php?rest_route=%2Fwp%2Fv2%2Ftags&post=1207"}],"curies":[{"name":"wp","href":"https:\/\/api.w.org\/{rel}","templated":true}]}}