{"id":1129,"date":"2023-03-08T00:38:31","date_gmt":"2023-03-07T20:38:31","guid":{"rendered":"https:\/\/ziya.info.az\/?p=1129"},"modified":"2023-03-10T15:40:57","modified_gmt":"2023-03-10T11:40:57","slug":"aztu-nun-rektoru-vilay%c9%99t-v%c9%99liyevin-8-mart-beyn%c9%99lxalq-qadinlar-gunu-munasib%c9%99til%c9%99-t%c9%99briki","status":"publish","type":"post","link":"https:\/\/ziya.info.az\/?p=1129","title":{"rendered":"AzTU-nun rektoru Vilay\u0259t V\u0259liyevin 8 mart \u2013 Beyn\u0259lxalq Qad\u0131nlar G\u00fcn\u00fc m\u00fcnasib\u0259til\u0259 t\u0259briki"},"content":{"rendered":"<p><span style=\"color: #ff0000;\"><strong>\u018fziz xan\u0131mlar!<\/strong><\/span><\/p>\n<p><strong><span style=\"color: #ff0000;\">Sizi 8 mart \u2013 Beyn\u0259lxalq Qad\u0131nlar G\u00fcn\u00fc m\u00fcnasib\u0259til\u0259 \u00fcr\u0259kd\u0259n t\u0259brik edir\u0259m!<\/span><\/strong><\/p>\n<p>Az\u0259rbaycan qad\u0131n\u0131 tarixi m\u0259d\u0259ni irsimizin t\u0259\u015f\u0259kk\u00fcl\u00fcnd\u0259 m\u00fcst\u0259sna xidm\u0259tl\u0259r\u0259 malikdir. \u015e\u0259rqd\u0259 elmin, t\u0259hsilin m\u00fcxt\u0259lif istiqam\u0259tl\u0259ri \u00fczr\u0259 ilk add\u0131mlar\u0131 atan Az\u0259rbaycan qad\u0131n\u0131 yenilik\u00e7i ruha sahib oldu\u011funu h\u0259l\u0259 o vaxtdan s\u00fcbut edib. Az\u0259rbaycan qad\u0131n\u0131 V\u0259t\u0259nini sev\u0259n \u00f6vladlar t\u0259rbiy\u0259 ed\u0259n, ail\u0259 d\u0259y\u0259rl\u0259rini qoruyan anad\u0131r.<\/p>\n<p>Bu g\u00fcn \u00f6lk\u0259mizin b\u00fct\u00fcn sah\u0259l\u0259rd\u0259 inki\u015faf\u0131nda Az\u0259rbaycan xan\u0131mlar\u0131n\u0131n m\u00fch\u00fcm rolu var.<\/p>\n<p dir=\"auto\">\u018fmin\u0259m ki, Az\u0259rbaycan xan\u0131mlar\u0131 \u00f6lk\u0259mizin y\u00fcks\u0259li\u015fi namin\u0259 t\u00f6hf\u0259sini \u0259sirg\u0259m\u0259y\u0259c\u0259k.<\/p>\n<p dir=\"auto\"><strong><span style=\"color: #ff0000;\">Bir daha h\u0259r birinizi t\u0259brik edir\u0259m, siz\u0259 cansa\u011fl\u0131\u011f\u0131, xo\u015fb\u0259xtlik arzu edir\u0259m!<\/span><\/strong><\/p>\n<p><strong><span style=\"color: #ff0000;\">Bayram\u0131n\u0131z m\u00fcbar\u0259k!<\/span><\/strong><\/p>\n<p>&nbsp;<\/p>\n","protected":false},"excerpt":{"rendered":"<p>\u018fziz xan\u0131mlar! Sizi 8 mart \u2013 Beyn\u0259lxalq Qad\u0131nlar G\u00fcn\u00fc m\u00fcnasib\u0259til\u0259 \u00fcr\u0259kd\u0259n t\u0259brik edir\u0259m! Az\u0259rbaycan qad\u0131n\u0131&#8230;<\/p>\n","protected":false},"author":2,"featured_media":889,"comment_status":"open","ping_status":"open","sticky":false,"template":"","format":"standard","meta":{"footnotes":""},"categories":[1,3,7,68,33],"tags":[],"class_list":["post-1129","post","type-post","status-publish","format-standard","has-post-thumbnail","hentry","category-uncategorized","category-aztu","category-elanlar","category-tbriklr","category-xbrlr-2"],"featured_image_urls":{"full":["https:\/\/ziya.info.az\/wp-content\/uploads\/2023\/02\/Vilayet-Veliyev-0000001.jpg",392,329,false],"thumbnail":["https:\/\/ziya.info.az\/wp-content\/uploads\/2023\/02\/Vilayet-Veliyev-0000001-150x150.jpg",150,150,true],"medium":["https:\/\/ziya.info.az\/wp-content\/uploads\/2023\/02\/Vilayet-Veliyev-0000001-300x252.jpg",300,252,true],"medium_large":["https:\/\/ziya.info.az\/wp-content\/uploads\/2023\/02\/Vilayet-Veliyev-0000001.jpg",392,329,false],"large":["https:\/\/ziya.info.az\/wp-content\/uploads\/2023\/02\/Vilayet-Veliyev-0000001.jpg",392,329,false],"1536x1536":["https:\/\/ziya.info.az\/wp-content\/uploads\/2023\/02\/Vilayet-Veliyev-0000001.jpg",392,329,false],"2048x2048":["https:\/\/ziya.info.az\/wp-content\/uploads\/2023\/02\/Vilayet-Veliyev-0000001.jpg",392,329,false],"newsphere-slider-full":["https:\/\/ziya.info.az\/wp-content\/uploads\/2023\/02\/Vilayet-Veliyev-0000001.jpg",392,329,false],"newsphere-featured":["https:\/\/ziya.info.az\/wp-content\/uploads\/2023\/02\/Vilayet-Veliyev-0000001.jpg",392,329,false],"newsphere-medium":["https:\/\/ziya.info.az\/wp-content\/uploads\/2023\/02\/Vilayet-Veliyev-0000001.jpg",392,329,false]},"author_info":{"display_name":"Z\u0130YA.\u0130NFO.AZ","author_link":"https:\/\/ziya.info.az\/author\/admin"},"category_info":"<a href=\"https:\/\/ziya.info.az\/?cat=1\" rel=\"category\">Uncategorized<\/a> <a href=\"https:\/\/ziya.info.az\/?cat=3\" rel=\"category\">AzTU<\/a> <a href=\"https:\/\/ziya.info.az\/?cat=7\" rel=\"category\">ELANLAR<\/a> <a href=\"https:\/\/ziya.info.az\/?cat=68\" rel=\"category\">T\u0259brikl\u0259r<\/a> <a href=\"https:\/\/ziya.info.az\/?cat=33\" rel=\"category\">X\u0259b\u0259rl\u0259r<\/a>","tag_info":"X\u0259b\u0259rl\u0259r","comment_count":"0","_links":{"self":[{"href":"https:\/\/ziya.info.az\/index.php?rest_route=\/wp\/v2\/posts\/1129","targetHints":{"allow":["GET"]}}],"collection":[{"href":"https:\/\/ziya.info.az\/index.php?rest_route=\/wp\/v2\/posts"}],"about":[{"href":"https:\/\/ziya.info.az\/index.php?rest_route=\/wp\/v2\/types\/post"}],"author":[{"embeddable":true,"href":"https:\/\/ziya.info.az\/index.php?rest_route=\/wp\/v2\/users\/2"}],"replies":[{"embeddable":true,"href":"https:\/\/ziya.info.az\/index.php?rest_route=%2Fwp%2Fv2%2Fcomments&post=1129"}],"version-history":[{"count":1,"href":"https:\/\/ziya.info.az\/index.php?rest_route=\/wp\/v2\/posts\/1129\/revisions"}],"predecessor-version":[{"id":1130,"href":"https:\/\/ziya.info.az\/index.php?rest_route=\/wp\/v2\/posts\/1129\/revisions\/1130"}],"wp:featuredmedia":[{"embeddable":true,"href":"https:\/\/ziya.info.az\/index.php?rest_route=\/wp\/v2\/media\/889"}],"wp:attachment":[{"href":"https:\/\/ziya.info.az\/index.php?rest_route=%2Fwp%2Fv2%2Fmedia&parent=1129"}],"wp:term":[{"taxonomy":"category","embeddable":true,"href":"https:\/\/ziya.info.az\/index.php?rest_route=%2Fwp%2Fv2%2Fcategories&post=1129"},{"taxonomy":"post_tag","embeddable":true,"href":"https:\/\/ziya.info.az\/index.php?rest_route=%2Fwp%2Fv2%2Ftags&post=1129"}],"curies":[{"name":"wp","href":"https:\/\/api.w.org\/{rel}","templated":true}]}}